{"id":44326,"date":"2022-08-23T15:22:26","date_gmt":"2022-08-23T18:22:26","guid":{"rendered":"https:\/\/www.todoeldia.com\/?p=44326"},"modified":"2022-08-23T15:25:32","modified_gmt":"2022-08-23T18:25:32","slug":"murio-anoche-un-motociclista-en-rioja-y-gorriti","status":"publish","type":"post","link":"https:\/\/www.todoeldia.com\/index.php\/2022\/08\/23\/murio-anoche-un-motociclista-en-rioja-y-gorriti\/","title":{"rendered":"Muri\u00f3 anoche un motociclista en Rioja y Gorriti"},"content":{"rendered":"\n<p>Un motociclista perdi\u00f3 la vida tras protagonizar una colisi\u00f3n con una unidad del transporte urbano de pasajeros.<\/p>\n\n\n\n<p>Alrededor de las 23 horas, llamados al Sistema de Emergencia 911 alertaron de la colisi\u00f3n entre un colectivo y una moto en la esquina de Rioja y Gorriti<\/p>\n\n\n\n<p>El accidente fue protagonizado entre una motocicleta guiada por un hombre de 36 a\u00f1os que circulaba por calle Rioja y un colectivo que se desplazaba por calle Gorriti. Producto de la colisi\u00f3n el conductor de la motocicleta falleci\u00f3 en el lugar.<\/p>\n\n\n\n<p>Trabajaron personal de Criminal\u00edstica, M\u00e9dico Legal, Bomberos y la Vial.<\/p>\n\n\n\n<p>Intervino la Fiscal\u00eda de Graves Atentados contra las Personas.<\/p>\n","protected":false},"excerpt":{"rendered":"<p>Un motociclista perdi\u00f3 la vida tras protagonizar una colisi\u00f3n con una unidad del transporte urbano de pasajeros. Alrededor de las 23 horas, llamados al Sistema de Emergencia 911 alertaron de la colisi\u00f3n entre un colectivo y una moto en la esquina de Rioja y Gorriti El accidente fue protagonizado entre una motocicleta guiada por un [&hellip;]<\/p>\n","protected":false},"author":2,"featured_media":44327,"comment_status":"open","ping_status":"open","sticky":false,"template":"","format":"standard","meta":{"tdm_status":"","tdm_grid_status":"","_joinchat":[],"footnotes":""},"categories":[63],"tags":[],"class_list":{"0":"post-44326","1":"post","2":"type-post","3":"status-publish","4":"format-standard","5":"has-post-thumbnail","7":"category-policiales"},"amp_enabled":true,"_links":{"self":[{"href":"https:\/\/www.todoeldia.com\/index.php\/wp-json\/wp\/v2\/posts\/44326","targetHints":{"allow":["GET"]}}],"collection":[{"href":"https:\/\/www.todoeldia.com\/index.php\/wp-json\/wp\/v2\/posts"}],"about":[{"href":"https:\/\/www.todoeldia.com\/index.php\/wp-json\/wp\/v2\/types\/post"}],"author":[{"embeddable":true,"href":"https:\/\/www.todoeldia.com\/index.php\/wp-json\/wp\/v2\/users\/2"}],"replies":[{"embeddable":true,"href":"https:\/\/www.todoeldia.com\/index.php\/wp-json\/wp\/v2\/comments?post=44326"}],"version-history":[{"count":1,"href":"https:\/\/www.todoeldia.com\/index.php\/wp-json\/wp\/v2\/posts\/44326\/revisions"}],"predecessor-version":[{"id":44328,"href":"https:\/\/www.todoeldia.com\/index.php\/wp-json\/wp\/v2\/posts\/44326\/revisions\/44328"}],"wp:featuredmedia":[{"embeddable":true,"href":"https:\/\/www.todoeldia.com\/index.php\/wp-json\/wp\/v2\/media\/44327"}],"wp:attachment":[{"href":"https:\/\/www.todoeldia.com\/index.php\/wp-json\/wp\/v2\/media?parent=44326"}],"wp:term":[{"taxonomy":"category","embeddable":true,"href":"https:\/\/www.todoeldia.com\/index.php\/wp-json\/wp\/v2\/categories?post=44326"},{"taxonomy":"post_tag","embeddable":true,"href":"https:\/\/www.todoeldia.com\/index.php\/wp-json\/wp\/v2\/tags?post=44326"}],"curies":[{"name":"wp","href":"https:\/\/api.w.org\/{rel}","templated":true}]}}