{"id":44332,"date":"2022-08-23T17:50:18","date_gmt":"2022-08-23T20:50:18","guid":{"rendered":"https:\/\/www.todoeldia.com\/?p=44332"},"modified":"2022-08-23T17:50:20","modified_gmt":"2022-08-23T20:50:20","slug":"hay-un-tercer-detenido-por-el-homicidio-de-oscar-oller-en-villa-asuncion","status":"publish","type":"post","link":"https:\/\/www.todoeldia.com\/index.php\/2022\/08\/23\/hay-un-tercer-detenido-por-el-homicidio-de-oscar-oller-en-villa-asuncion\/","title":{"rendered":"Hay un tercer detenido por el homicidio de Oscar Oller en Villa Asunci\u00f3n"},"content":{"rendered":"\n<p>Un hombre de 18 a\u00f1os fue detenido por el homicidio del hombre de 35 a\u00f1os, ocurrido la noche del lunes 15 de agosto en avenida San Mart\u00edn al 3500 de la ciudad de Salta. Su padre y su hermano ya se encuentran imputados y con pedido de prisi\u00f3n preventiva.<\/p>\n\n\n\n<p>La fiscal penal 2 de la Unidad de Graves Atentados contra las Personas en turno, Ver\u00f3nica Simesen de Bielke, inform\u00f3 que en el marco de la investigaci\u00f3n que lleva adelante por el homicidio de Oscar Oller, personal de la Unidad de Investigaci\u00f3n de la UGAP, detuvo a una tercera persona como sospechosa de haber participado del hecho.<\/p>\n\n\n\n<p>Se trata de un joven de 18 a\u00f1os, que permanec\u00eda pr\u00f3fugo.<\/p>\n\n\n\n<p>Cabe recordar que por el hecho se encuentran imputados su padre y su hermano como coautores del delito de homicidio calificado por el concurso premeditado de dos o m\u00e1s personas y detenidos con pedido de prisi\u00f3n preventiva.<\/p>\n\n\n\n<p>El hecho ocurri\u00f3 la noche del lunes 15 de agosto en avenida San Mart\u00edn al 3500 de la ciudad de Salta, cuando en circunstancias que se investigan, un hombre de 35 a\u00f1os fue lesionado con un arma blanca en la zona del t\u00f3rax y en uno de sus miembros inferiores y fue derivado en c\u00f3digo rojo al hospital San Bernardo, donde luego falleci\u00f3.<\/p>\n","protected":false},"excerpt":{"rendered":"<p>Un hombre de 18 a\u00f1os fue detenido por el homicidio del hombre de 35 a\u00f1os, ocurrido la noche del lunes 15 de agosto en avenida San Mart\u00edn al 3500 de la ciudad de Salta. Su padre y su hermano ya se encuentran imputados y con pedido de prisi\u00f3n preventiva. La fiscal penal 2 de la [&hellip;]<\/p>\n","protected":false},"author":2,"featured_media":37872,"comment_status":"open","ping_status":"open","sticky":false,"template":"","format":"standard","meta":{"tdm_status":"","tdm_grid_status":"","_joinchat":[],"footnotes":""},"categories":[63],"tags":[],"class_list":{"0":"post-44332","1":"post","2":"type-post","3":"status-publish","4":"format-standard","5":"has-post-thumbnail","7":"category-policiales"},"amp_enabled":true,"_links":{"self":[{"href":"https:\/\/www.todoeldia.com\/index.php\/wp-json\/wp\/v2\/posts\/44332","targetHints":{"allow":["GET"]}}],"collection":[{"href":"https:\/\/www.todoeldia.com\/index.php\/wp-json\/wp\/v2\/posts"}],"about":[{"href":"https:\/\/www.todoeldia.com\/index.php\/wp-json\/wp\/v2\/types\/post"}],"author":[{"embeddable":true,"href":"https:\/\/www.todoeldia.com\/index.php\/wp-json\/wp\/v2\/users\/2"}],"replies":[{"embeddable":true,"href":"https:\/\/www.todoeldia.com\/index.php\/wp-json\/wp\/v2\/comments?post=44332"}],"version-history":[{"count":1,"href":"https:\/\/www.todoeldia.com\/index.php\/wp-json\/wp\/v2\/posts\/44332\/revisions"}],"predecessor-version":[{"id":44333,"href":"https:\/\/www.todoeldia.com\/index.php\/wp-json\/wp\/v2\/posts\/44332\/revisions\/44333"}],"wp:featuredmedia":[{"embeddable":true,"href":"https:\/\/www.todoeldia.com\/index.php\/wp-json\/wp\/v2\/media\/37872"}],"wp:attachment":[{"href":"https:\/\/www.todoeldia.com\/index.php\/wp-json\/wp\/v2\/media?parent=44332"}],"wp:term":[{"taxonomy":"category","embeddable":true,"href":"https:\/\/www.todoeldia.com\/index.php\/wp-json\/wp\/v2\/categories?post=44332"},{"taxonomy":"post_tag","embeddable":true,"href":"https:\/\/www.todoeldia.com\/index.php\/wp-json\/wp\/v2\/tags?post=44332"}],"curies":[{"name":"wp","href":"https:\/\/api.w.org\/{rel}","templated":true}]}}