{"id":44339,"date":"2022-08-23T18:39:49","date_gmt":"2022-08-23T21:39:49","guid":{"rendered":"https:\/\/www.todoeldia.com\/?p=44339"},"modified":"2022-08-23T18:39:51","modified_gmt":"2022-08-23T21:39:51","slug":"6-anos-a-la-carcel-por-abusar-de-su-amiga-y-escaparse-esposado-de-la-comisaria","status":"publish","type":"post","link":"https:\/\/www.todoeldia.com\/index.php\/2022\/08\/23\/6-anos-a-la-carcel-por-abusar-de-su-amiga-y-escaparse-esposado-de-la-comisaria\/","title":{"rendered":"6 a\u00f1os a la c\u00e1rcel por abusar de su amiga y escaparse esposado de la comisar\u00eda"},"content":{"rendered":"\n<p>Fabio Hern\u00e1n Ibarra fue condenado en juicio abreviado a la pena de seis a\u00f1os de prisi\u00f3n efectiva por ser autor material y penalmente responsable del delito de abuso sexual con acceso carnal y evasi\u00f3n en concurso real.<\/p>\n\n\n\n<p>El juez Aldo Primucci, vocal de la Sala I del Tribunal de Juicio de Or\u00e1n, orden\u00f3 su traslado al Unidad Carcelaria 3 de Or\u00e1n, donde ser\u00e1 alojado hasta cumplir su condena.<\/p>\n\n\n\n<p>Fabio Hern\u00e1n Ibarra tiene 29 a\u00f1os, y fue denunciado el 25 de diciembre de 2020. La v\u00edctima cont\u00f3 que esa madrugada se hab\u00eda reunido con un grupo de amigos para festejar la navidad, y durante la fiesta ingirieron bebidas alcoh\u00f3licas. Ya cerca del mediod\u00eda, ella le pidi\u00f3 al acusado que la lleve a su casa.<\/p>\n\n\n\n<p>Pero en el camino advirti\u00f3 que Ibarra hab\u00eda cambiado el rumbo y la llevaba a las afueras de la ciudad. Cuando llegaron a un camino rural, \u00e9l abus\u00f3 de ella y la dej\u00f3 en ese lugar.<\/p>\n\n\n\n<p>Ella radic\u00f3 la denuncia y la polic\u00eda lo detuvo, pero el 8 de enero de 2021, mientras se encontraba detenido en la Comisaria 20 de Or\u00e1n, Ibarra se descompens\u00f3, por lo que, para asistirlo, un enfermero lo sac\u00f3 de la celda esposado, situaci\u00f3n que aprovech\u00f3 para darse a la fuga.<\/p>\n","protected":false},"excerpt":{"rendered":"<p>Fabio Hern\u00e1n Ibarra fue condenado en juicio abreviado a la pena de seis a\u00f1os de prisi\u00f3n efectiva por ser autor material y penalmente responsable del delito de abuso sexual con acceso carnal y evasi\u00f3n en concurso real. El juez Aldo Primucci, vocal de la Sala I del Tribunal de Juicio de Or\u00e1n, orden\u00f3 su traslado [&hellip;]<\/p>\n","protected":false},"author":2,"featured_media":24787,"comment_status":"open","ping_status":"open","sticky":false,"template":"","format":"standard","meta":{"tdm_status":"","tdm_grid_status":"","_joinchat":[],"footnotes":""},"categories":[63],"tags":[],"class_list":{"0":"post-44339","1":"post","2":"type-post","3":"status-publish","4":"format-standard","5":"has-post-thumbnail","7":"category-policiales"},"amp_enabled":true,"_links":{"self":[{"href":"https:\/\/www.todoeldia.com\/index.php\/wp-json\/wp\/v2\/posts\/44339","targetHints":{"allow":["GET"]}}],"collection":[{"href":"https:\/\/www.todoeldia.com\/index.php\/wp-json\/wp\/v2\/posts"}],"about":[{"href":"https:\/\/www.todoeldia.com\/index.php\/wp-json\/wp\/v2\/types\/post"}],"author":[{"embeddable":true,"href":"https:\/\/www.todoeldia.com\/index.php\/wp-json\/wp\/v2\/users\/2"}],"replies":[{"embeddable":true,"href":"https:\/\/www.todoeldia.com\/index.php\/wp-json\/wp\/v2\/comments?post=44339"}],"version-history":[{"count":1,"href":"https:\/\/www.todoeldia.com\/index.php\/wp-json\/wp\/v2\/posts\/44339\/revisions"}],"predecessor-version":[{"id":44340,"href":"https:\/\/www.todoeldia.com\/index.php\/wp-json\/wp\/v2\/posts\/44339\/revisions\/44340"}],"wp:featuredmedia":[{"embeddable":true,"href":"https:\/\/www.todoeldia.com\/index.php\/wp-json\/wp\/v2\/media\/24787"}],"wp:attachment":[{"href":"https:\/\/www.todoeldia.com\/index.php\/wp-json\/wp\/v2\/media?parent=44339"}],"wp:term":[{"taxonomy":"category","embeddable":true,"href":"https:\/\/www.todoeldia.com\/index.php\/wp-json\/wp\/v2\/categories?post=44339"},{"taxonomy":"post_tag","embeddable":true,"href":"https:\/\/www.todoeldia.com\/index.php\/wp-json\/wp\/v2\/tags?post=44339"}],"curies":[{"name":"wp","href":"https:\/\/api.w.org\/{rel}","templated":true}]}}