{"id":44344,"date":"2022-08-23T19:36:16","date_gmt":"2022-08-23T22:36:16","guid":{"rendered":"https:\/\/www.todoeldia.com\/?p=44344"},"modified":"2022-08-23T19:36:18","modified_gmt":"2022-08-23T22:36:18","slug":"saenz-decimotercero-entre-los-gobernadores-con-mejor-imagen","status":"publish","type":"post","link":"https:\/\/www.todoeldia.com\/index.php\/2022\/08\/23\/saenz-decimotercero-entre-los-gobernadores-con-mejor-imagen\/","title":{"rendered":"S\u00e1enz decimotercero entre los gobernadores con mejor imagen"},"content":{"rendered":"\n<p>Tras el liderazgo fugaz de un peronista del interior, el ranking de gobernadores volvi\u00f3 a estar encabezado en agosto por un referente de la oposici\u00f3n: el radical juje\u00f1o Gerardo Morales. Tambi\u00e9n hubo cambios en el \u00faltimo puesto, pero dentro del mismo equipo: los m\u00e1s kirchneristas. Sali\u00f3 el bonaerense Axel Kicillof y entr\u00f3 (volvi\u00f3 en realidad) la santacruce\u00f1a Alicia Kirchner.<\/p>\n\n\n\n<p>Son los datos del \u00faltimo relevamiento de CB Consultora Opini\u00f3n P\u00fablica, la firma con origen en C\u00f3rdoba que arranc\u00f3 en mayo del 2020 con esta interesante tabla para comparar a los mandatarios de todo el pa\u00eds. Los ordena seg\u00fan su imagen positiva.<\/p>\n\n\n\n<p>Entre el 3 y el 8 de agosto, la encuestadora que dirige el analista Cristian Butti\u00e9 relev\u00f3 entre 602 y 1.010 casos por provincia. Y present\u00f3 los resultados con +\/- 3,8% de margen de error.<\/p>\n\n\n\n<p>Clar\u00edn anticip\u00f3 d\u00edas atr\u00e1s un cuadro del informe, donde se mostraba la estrepitosa ca\u00edda de la imagen de Alberto Fern\u00e1ndez. Entre julio y agosto, la valoraci\u00f3n del Presidente baj\u00f3 en las 24 provincias, como otra muestra de la devaluaci\u00f3n de su figura.<\/p>\n\n\n\n<p>Los 8 de arriba<\/p>\n\n\n\n<p>Para armar la nota, Clar\u00edn dividi\u00f3 la tabla de 24 gobernadores en tres: los 8 de arriba, los 8 del medio y los 8 de abajo. Con una aclaraci\u00f3n que vale la pena repetir ante cada actualizaci\u00f3n del ranking. Los mandatarios tienen en sus distritos mucha mejor imagen que los pol\u00edticos nacionales. Un dato sintom\u00e1tico: s\u00f3lo los tres \u00faltimos muestran diferencial en contra.<\/p>\n\n\n\n<p>As\u00ed, los 8 dirigentes que aparecen en el tope del ranking terminan con muy buenos n\u00fameros, todos con m\u00e1s de 60 puntos de imagen positiva y dos con m\u00e1s de 70. En la cima volvi\u00f3 a quedar Morales, el radical que no tiene reelecci\u00f3n en Jujuy y apuesta a una candidatura nacional.<\/p>\n\n\n\n<figure class=\"wp-block-image size-full\"><img loading=\"lazy\" decoding=\"async\" width=\"958\" height=\"720\" src=\"https:\/\/www.todoeldia.com\/wp-content\/uploads\/2022\/08\/image-108.png\" alt=\"\" class=\"wp-image-44346\" srcset=\"https:\/\/www.todoeldia.com\/wp-content\/uploads\/2022\/08\/image-108.png 958w, https:\/\/www.todoeldia.com\/wp-content\/uploads\/2022\/08\/image-108-300x225.png 300w, https:\/\/www.todoeldia.com\/wp-content\/uploads\/2022\/08\/image-108-768x577.png 768w, https:\/\/www.todoeldia.com\/wp-content\/uploads\/2022\/08\/image-108-696x523.png 696w, https:\/\/www.todoeldia.com\/wp-content\/uploads\/2022\/08\/image-108-559x420.png 559w, https:\/\/www.todoeldia.com\/wp-content\/uploads\/2022\/08\/image-108-80x60.png 80w, https:\/\/www.todoeldia.com\/wp-content\/uploads\/2022\/08\/image-108-265x198.png 265w\" sizes=\"auto, (max-width: 958px) 100vw, 958px\" \/><\/figure>\n\n\n\n<p>Los referentes del kircherismo Axel Kiciloff y Alicia\u00a0 Kirchner, se ubican muy por debajo del promedio del resto de los gobernadores.<\/p>\n\n\n\n<figure class=\"wp-block-image size-large\"><img loading=\"lazy\" decoding=\"async\" width=\"1024\" height=\"687\" src=\"https:\/\/www.todoeldia.com\/wp-content\/uploads\/2022\/08\/image-109-1024x687.png\" alt=\"\" class=\"wp-image-44347\" srcset=\"https:\/\/www.todoeldia.com\/wp-content\/uploads\/2022\/08\/image-109-1024x687.png 1024w, https:\/\/www.todoeldia.com\/wp-content\/uploads\/2022\/08\/image-109-300x201.png 300w, https:\/\/www.todoeldia.com\/wp-content\/uploads\/2022\/08\/image-109-768x515.png 768w, https:\/\/www.todoeldia.com\/wp-content\/uploads\/2022\/08\/image-109-696x467.png 696w, https:\/\/www.todoeldia.com\/wp-content\/uploads\/2022\/08\/image-109-1068x717.png 1068w, https:\/\/www.todoeldia.com\/wp-content\/uploads\/2022\/08\/image-109-626x420.png 626w, https:\/\/www.todoeldia.com\/wp-content\/uploads\/2022\/08\/image-109.png 1073w\" sizes=\"auto, (max-width: 1024px) 100vw, 1024px\" \/><\/figure>\n\n\n\n<p>El titular de la UCR combin\u00f3 en agosto 71,5% de ponderaci\u00f3n a favor y s\u00f3lo 25,4% en contra. El otro que super\u00f3 los 70 de apoyo fue su correligionario de Corrientes, Gustavo Vald\u00e9s, con + 70,3% y &#8211; 26,6%. El podio lo complet\u00f3 el peronista (no K) cordob\u00e9s,<\/p>\n\n\n\n<p>Debajo, con muy buenas cifras tambi\u00e9n, vienen:<\/p>\n\n\n\n<p>&#8211; Sergio Ziliotto (Frente de Todos, La Pampa): 68,2% de positiva.<\/p>\n\n\n\n<p>&#8211; Horacio Rodr\u00edguez Larreta (Juntos por el Cambio, CABA): + 65,8%.<\/p>\n\n\n\n<p>&#8211; Osvaldo Jaldo (Frente de Todos, Tucum\u00e1n): + 63,7%.<\/p>\n\n\n\n<p>&#8211; Rodolfo Suarez (Juntos por el Cambio, Mendoza): + 63,3%.<\/p>\n\n\n\n<p>&#8211; Oscar H. Ahuad (Frente Renovador de la Concordia, Misiones): + 62,9%.<\/p>\n\n\n\n<p>Como se ve en el balance, en la crema del ranking prevalece la oposici\u00f3n. S\u00f3lo hay dos oficialistas. Uno de ellos, Ziliotto, hab\u00eda sido justamente el l\u00edder espor\u00e1dico de la tabla de julio.<\/p>\n\n\n\n<p>Los 8 del medio<\/p>\n\n\n\n<p>La segunda tanda de gobernadores, como se explic\u00f3 de arranque, tambi\u00e9n terminan con muy buen balance en su imagen. Dos datos: todos tienen una positiva arriba de los 55 puntos y un diferencial a favor de dos d\u00edgitos.<\/p>\n\n\n\n<p>Previsiblemente, ac\u00e1 aparece mayor\u00eda de mandatarios oficialistas: los cuatro opositores puros quedaron en la parte de arriba. En el lote del medio, son siete del Frente de Todos y una &#8220;independiente provincial&#8221;.<\/p>\n\n\n\n<p>Sergio U\u00f1ac, peronista de San Juan, y Alberto Rodr\u00edguez Sa\u00e1, compa\u00f1ero de San Luis, superan los 60 puntos de positiva. El primero llega a + 62,8% (con 32,9% de negativa) y el segundo, a + 61,5% (con &#8211; 34,2%).<\/p>\n\n\n\n<p>Debajo quedan:<\/p>\n\n\n\n<p>&#8211; Jorge Capitanich (Frente de Todos, Chaco): 57,2% de positiva.<\/p>\n\n\n\n<p>&#8211; Gerardo Zamora (oficialista, Santiago del Estero): + 56,8%.<\/p>\n\n\n\n<p>&#8211; Gustavo S\u00e1enz (oficialista, Salta): + 56,1%.<\/p>\n\n\n\n<p>&#8211; Gustavo Melella (oficialista, Tierra del Fuego): + 55,7%.<\/p>\n\n\n\n<p>&#8211; Ra\u00fal Jalil (Frente de Todos, Catamarca): + 55,3%.<\/p>\n\n\n\n<p>&#8211; Arabela Carreras (Frente Todos Somos R\u00edo Negro, R\u00edo Negro): + 55,2%.<\/p>\n\n\n\n<p>Los 8 de abajo<\/p>\n\n\n\n<p>En el fondo tambi\u00e9n hay preeminencia de oficialistas. Con algunos casos emblem\u00e1ticos, como los mencionados Kicillof y Kirchner. El gobernador bonaerense zafa esta vez del \u00faltimo puesto, para quedar 22\u00b0, con + 47,3% y &#8211; 50,4%. La santacruce\u00f1a es que ostenta ahora el peor resultado y figura 24\u00b0, con + 45,4% y &#8211; 50,9%.<\/p>\n\n\n\n<p>En el medio cuela el riojano Ricardo Quintela, tambi\u00e9n del Frente de Todos, con + 46,5% y &#8211; 50%. Son los \u00fanicos tres de todo el ranking con m\u00e1s negativa que positiva.<\/p>\n\n\n\n<p>El resto de los &#8220;coleros&#8221;:<\/p>\n\n\n\n<p>&#8211; Gustavo Bordet (Frente de Todos, Entre R\u00edos): + 55%.<\/p>\n\n\n\n<p>&#8211; Mariano Arcioni (Frente de Todos, Chubut): + 54%.<\/p>\n\n\n\n<p>&#8211; Omar Perotti (Frente de Todos, Santa Fe): + 53,7%.<\/p>\n\n\n\n<p>&#8211; Gildo Insfr\u00e1n (Frente de Todos, Formosa): + 53,5%.<\/p>\n\n\n\n<p>&#8211; Omar Guti\u00e9rrez (Movimiento Popular Neuquino, Neuqu\u00e9n): + 51,3%.<\/p>\n","protected":false},"excerpt":{"rendered":"<p>Tras el liderazgo fugaz de un peronista del interior, el ranking de gobernadores volvi\u00f3 a estar encabezado en agosto por un referente de la oposici\u00f3n: el radical juje\u00f1o Gerardo Morales. Tambi\u00e9n hubo cambios en el \u00faltimo puesto, pero dentro del mismo equipo: los m\u00e1s kirchneristas. Sali\u00f3 el bonaerense Axel Kicillof y entr\u00f3 (volvi\u00f3 en realidad) [&hellip;]<\/p>\n","protected":false},"author":2,"featured_media":41967,"comment_status":"open","ping_status":"open","sticky":false,"template":"","format":"standard","meta":{"tdm_status":"","tdm_grid_status":"","_joinchat":[],"footnotes":""},"categories":[59],"tags":[],"class_list":{"0":"post-44344","1":"post","2":"type-post","3":"status-publish","4":"format-standard","5":"has-post-thumbnail","7":"category-politica"},"amp_enabled":true,"_links":{"self":[{"href":"https:\/\/www.todoeldia.com\/index.php\/wp-json\/wp\/v2\/posts\/44344","targetHints":{"allow":["GET"]}}],"collection":[{"href":"https:\/\/www.todoeldia.com\/index.php\/wp-json\/wp\/v2\/posts"}],"about":[{"href":"https:\/\/www.todoeldia.com\/index.php\/wp-json\/wp\/v2\/types\/post"}],"author":[{"embeddable":true,"href":"https:\/\/www.todoeldia.com\/index.php\/wp-json\/wp\/v2\/users\/2"}],"replies":[{"embeddable":true,"href":"https:\/\/www.todoeldia.com\/index.php\/wp-json\/wp\/v2\/comments?post=44344"}],"version-history":[{"count":1,"href":"https:\/\/www.todoeldia.com\/index.php\/wp-json\/wp\/v2\/posts\/44344\/revisions"}],"predecessor-version":[{"id":44348,"href":"https:\/\/www.todoeldia.com\/index.php\/wp-json\/wp\/v2\/posts\/44344\/revisions\/44348"}],"wp:featuredmedia":[{"embeddable":true,"href":"https:\/\/www.todoeldia.com\/index.php\/wp-json\/wp\/v2\/media\/41967"}],"wp:attachment":[{"href":"https:\/\/www.todoeldia.com\/index.php\/wp-json\/wp\/v2\/media?parent=44344"}],"wp:term":[{"taxonomy":"category","embeddable":true,"href":"https:\/\/www.todoeldia.com\/index.php\/wp-json\/wp\/v2\/categories?post=44344"},{"taxonomy":"post_tag","embeddable":true,"href":"https:\/\/www.todoeldia.com\/index.php\/wp-json\/wp\/v2\/tags?post=44344"}],"curies":[{"name":"wp","href":"https:\/\/api.w.org\/{rel}","templated":true}]}}