{"id":44349,"date":"2022-08-23T19:41:32","date_gmt":"2022-08-23T22:41:32","guid":{"rendered":"https:\/\/www.todoeldia.com\/?p=44349"},"modified":"2022-08-23T19:41:34","modified_gmt":"2022-08-23T22:41:34","slug":"bettina-no-levanta-cabeza-ocupa-el-vigesimo-lugar-entre-los-intendentes-con-mejor-imagen","status":"publish","type":"post","link":"https:\/\/www.todoeldia.com\/index.php\/2022\/08\/23\/bettina-no-levanta-cabeza-ocupa-el-vigesimo-lugar-entre-los-intendentes-con-mejor-imagen\/","title":{"rendered":"Bettina no levanta cabeza: ocupa el vig\u00e9simo lugar entre los intendentes con mejor imagen"},"content":{"rendered":"\n<p>Como parte de sus mediciones federales, CB tambi\u00e9n publica un ranking con intendentes de todo el pa\u00eds. Elige una localidad grande por provincia, que muchas veces coincide con la capital local.<\/p>\n\n\n\n<p>La tabla de agosto la lider\u00f3 Gustavo Sastre, de Puerto Madryn. El dirigente, aliado del gobernador Arcioni, viene con historia particular: reemplaz\u00f3 como jefe comunal a su hermano Ricardo, quien se fue como vicegobernador.<\/p>\n\n\n\n<figure class=\"wp-block-image size-large is-resized\"><img loading=\"lazy\" decoding=\"async\" src=\"https:\/\/www.todoeldia.com\/wp-content\/uploads\/2022\/08\/ranking-intendentes-agosto-685x1024.jpg\" alt=\"\" class=\"wp-image-44350\" width=\"1062\" height=\"1599\"\/><\/figure>\n\n\n\n<p>Sastre intendente sum\u00f3 66,9% de positiva. Lo sigui\u00f3 el cordob\u00e9s Mart\u00edn Llaryora, alfil del peronista Juan Schiaretti, a quien pretende suceder en la gobernaci\u00f3n. Como jefe comunal de la capital provincial, Llaryora qued\u00f3 con + 66,5%. Apenas una d\u00e9cima m\u00e1s que el correntino Eduardo Tassano, de Juntos por el Cambio.<\/p>\n\n\n\n<p>En el fondo de la tabla quedaron Adan Bahl, de Paran\u00e1, con + 41,2%; Mariano Gaido, de Neuqu\u00e9n, con 40,4%; e In\u00e9s Brizuela y Doria, de La Rioja, con + 40%.<\/p>\n","protected":false},"excerpt":{"rendered":"<p>Como parte de sus mediciones federales, CB tambi\u00e9n publica un ranking con intendentes de todo el pa\u00eds. Elige una localidad grande por provincia, que muchas veces coincide con la capital local. La tabla de agosto la lider\u00f3 Gustavo Sastre, de Puerto Madryn. El dirigente, aliado del gobernador Arcioni, viene con historia particular: reemplaz\u00f3 como jefe [&hellip;]<\/p>\n","protected":false},"author":2,"featured_media":30237,"comment_status":"open","ping_status":"open","sticky":false,"template":"","format":"standard","meta":{"tdm_status":"","tdm_grid_status":"","_joinchat":[],"footnotes":""},"categories":[59],"tags":[],"class_list":{"0":"post-44349","1":"post","2":"type-post","3":"status-publish","4":"format-standard","5":"has-post-thumbnail","7":"category-politica"},"amp_enabled":true,"_links":{"self":[{"href":"https:\/\/www.todoeldia.com\/index.php\/wp-json\/wp\/v2\/posts\/44349","targetHints":{"allow":["GET"]}}],"collection":[{"href":"https:\/\/www.todoeldia.com\/index.php\/wp-json\/wp\/v2\/posts"}],"about":[{"href":"https:\/\/www.todoeldia.com\/index.php\/wp-json\/wp\/v2\/types\/post"}],"author":[{"embeddable":true,"href":"https:\/\/www.todoeldia.com\/index.php\/wp-json\/wp\/v2\/users\/2"}],"replies":[{"embeddable":true,"href":"https:\/\/www.todoeldia.com\/index.php\/wp-json\/wp\/v2\/comments?post=44349"}],"version-history":[{"count":1,"href":"https:\/\/www.todoeldia.com\/index.php\/wp-json\/wp\/v2\/posts\/44349\/revisions"}],"predecessor-version":[{"id":44351,"href":"https:\/\/www.todoeldia.com\/index.php\/wp-json\/wp\/v2\/posts\/44349\/revisions\/44351"}],"wp:featuredmedia":[{"embeddable":true,"href":"https:\/\/www.todoeldia.com\/index.php\/wp-json\/wp\/v2\/media\/30237"}],"wp:attachment":[{"href":"https:\/\/www.todoeldia.com\/index.php\/wp-json\/wp\/v2\/media?parent=44349"}],"wp:term":[{"taxonomy":"category","embeddable":true,"href":"https:\/\/www.todoeldia.com\/index.php\/wp-json\/wp\/v2\/categories?post=44349"},{"taxonomy":"post_tag","embeddable":true,"href":"https:\/\/www.todoeldia.com\/index.php\/wp-json\/wp\/v2\/tags?post=44349"}],"curies":[{"name":"wp","href":"https:\/\/api.w.org\/{rel}","templated":true}]}}