{"id":44358,"date":"2022-08-24T14:08:38","date_gmt":"2022-08-24T17:08:38","guid":{"rendered":"https:\/\/www.todoeldia.com\/?p=44358"},"modified":"2022-08-24T14:08:39","modified_gmt":"2022-08-24T17:08:39","slug":"secuestran-en-oran-un-vehiculo-robado-en-mendoza","status":"publish","type":"post","link":"https:\/\/www.todoeldia.com\/index.php\/2022\/08\/24\/secuestran-en-oran-un-vehiculo-robado-en-mendoza\/","title":{"rendered":"Secuestran en Or\u00e1n un veh\u00edculo robado en Mendoza"},"content":{"rendered":"\n<p>En la madrugada de hoy una patrulla de la Secci\u00f3n Motoristas de Emergencia Policiales de Or\u00e1n intercept\u00f3 el rodado que registra pedido de secuestro a requerimiento de la Polic\u00eda de la provincia de Mendoza.<\/p>\n\n\n\n<p>El procedimiento se realiz\u00f3 cuando efectivos policiales observaron un autom\u00f3vil marca Citro\u00ebn C4 circular por calle Bustamante de la ciudad de Or\u00e1n. Identificaron al conductor de 38 a\u00f1os y de consulta a la Secci\u00f3n Tratamiento Preventivo de la Informaci\u00f3n obtienen que el rodado posee pedido de secuestro de la Polic\u00eda de la Provincia de Mendoza.<\/p>\n\n\n\n<p>El veh\u00edculo fue trasladado hacia Sub Comisaria 9 de Julio.<\/p>\n","protected":false},"excerpt":{"rendered":"<p>En la madrugada de hoy una patrulla de la Secci\u00f3n Motoristas de Emergencia Policiales de Or\u00e1n intercept\u00f3 el rodado que registra pedido de secuestro a requerimiento de la Polic\u00eda de la provincia de Mendoza. El procedimiento se realiz\u00f3 cuando efectivos policiales observaron un autom\u00f3vil marca Citro\u00ebn C4 circular por calle Bustamante de la ciudad de [&hellip;]<\/p>\n","protected":false},"author":2,"featured_media":44359,"comment_status":"open","ping_status":"open","sticky":false,"template":"","format":"standard","meta":{"tdm_status":"","tdm_grid_status":"","_joinchat":[],"footnotes":""},"categories":[63],"tags":[],"class_list":{"0":"post-44358","1":"post","2":"type-post","3":"status-publish","4":"format-standard","5":"has-post-thumbnail","7":"category-policiales"},"amp_enabled":true,"_links":{"self":[{"href":"https:\/\/www.todoeldia.com\/index.php\/wp-json\/wp\/v2\/posts\/44358","targetHints":{"allow":["GET"]}}],"collection":[{"href":"https:\/\/www.todoeldia.com\/index.php\/wp-json\/wp\/v2\/posts"}],"about":[{"href":"https:\/\/www.todoeldia.com\/index.php\/wp-json\/wp\/v2\/types\/post"}],"author":[{"embeddable":true,"href":"https:\/\/www.todoeldia.com\/index.php\/wp-json\/wp\/v2\/users\/2"}],"replies":[{"embeddable":true,"href":"https:\/\/www.todoeldia.com\/index.php\/wp-json\/wp\/v2\/comments?post=44358"}],"version-history":[{"count":1,"href":"https:\/\/www.todoeldia.com\/index.php\/wp-json\/wp\/v2\/posts\/44358\/revisions"}],"predecessor-version":[{"id":44360,"href":"https:\/\/www.todoeldia.com\/index.php\/wp-json\/wp\/v2\/posts\/44358\/revisions\/44360"}],"wp:featuredmedia":[{"embeddable":true,"href":"https:\/\/www.todoeldia.com\/index.php\/wp-json\/wp\/v2\/media\/44359"}],"wp:attachment":[{"href":"https:\/\/www.todoeldia.com\/index.php\/wp-json\/wp\/v2\/media?parent=44358"}],"wp:term":[{"taxonomy":"category","embeddable":true,"href":"https:\/\/www.todoeldia.com\/index.php\/wp-json\/wp\/v2\/categories?post=44358"},{"taxonomy":"post_tag","embeddable":true,"href":"https:\/\/www.todoeldia.com\/index.php\/wp-json\/wp\/v2\/tags?post=44358"}],"curies":[{"name":"wp","href":"https:\/\/api.w.org\/{rel}","templated":true}]}}