{"id":44367,"date":"2022-08-24T15:08:27","date_gmt":"2022-08-24T18:08:27","guid":{"rendered":"https:\/\/www.todoeldia.com\/?p=44367"},"modified":"2022-08-24T15:08:28","modified_gmt":"2022-08-24T18:08:28","slug":"imputaron-ahora-a-una-abogada-de-metan-en-la-causa-de-la-financiera-rios-y-asociados","status":"publish","type":"post","link":"https:\/\/www.todoeldia.com\/index.php\/2022\/08\/24\/imputaron-ahora-a-una-abogada-de-metan-en-la-causa-de-la-financiera-rios-y-asociados\/","title":{"rendered":"Imputaron ahora a una abogada de Met\u00e1n en la causa de la financiera R\u00edos y Asociados"},"content":{"rendered":"\n<p>Est\u00e1 acusada de formar parte de la organizaci\u00f3n delictiva previa y posteriormente a la investigaci\u00f3n y allanamientos realizados. Es pareja de uno de los imputados detenidos.<\/p>\n\n\n\n<p>En el marco de la audiencia de formalizaci\u00f3n de la acusaci\u00f3n, la titular de la Unidad de Delitos Econ\u00f3micos complejos Ana In\u00e9s Salinas Odorisio imput\u00f3 por el delito de falsedad de instrumento privado, y asociaci\u00f3n il\u00edcita, en concurso real, a una abogada de la ciudad de Met\u00e1n.<\/p>\n\n\n\n<figure class=\"wp-block-image size-full\"><img loading=\"lazy\" decoding=\"async\" width=\"911\" height=\"683\" src=\"https:\/\/www.todoeldia.com\/wp-content\/uploads\/2022\/08\/image-110.png\" alt=\"\" class=\"wp-image-44369\" srcset=\"https:\/\/www.todoeldia.com\/wp-content\/uploads\/2022\/08\/image-110.png 911w, https:\/\/www.todoeldia.com\/wp-content\/uploads\/2022\/08\/image-110-300x225.png 300w, https:\/\/www.todoeldia.com\/wp-content\/uploads\/2022\/08\/image-110-768x576.png 768w, https:\/\/www.todoeldia.com\/wp-content\/uploads\/2022\/08\/image-110-696x522.png 696w, https:\/\/www.todoeldia.com\/wp-content\/uploads\/2022\/08\/image-110-560x420.png 560w, https:\/\/www.todoeldia.com\/wp-content\/uploads\/2022\/08\/image-110-80x60.png 80w, https:\/\/www.todoeldia.com\/wp-content\/uploads\/2022\/08\/image-110-265x198.png 265w\" sizes=\"auto, (max-width: 911px) 100vw, 911px\" \/><\/figure>\n\n\n\n<p>Respecto a la participaci\u00f3n de la acusada quien se neg\u00f3 a declarar, se determin\u00f3 que previo a producirse los allanamientos intervino activamente en la confecci\u00f3n de contratos, la recepci\u00f3n de dinero e inyecci\u00f3n de capital en la falsa financiera. Con la particularidad de que su intervenci\u00f3n no fue incauta ya que se trata de una profesional del derecho y bajo esta condici\u00f3n se presentaba y representaba la actividad ilegal que llev\u00f3 adelante la jefa operativa de la asociaci\u00f3n il\u00edcita Cynthia Moya.<\/p>\n\n\n\n<p>Con posterioridad y a partir de producirse los allanamientos la imputada toma un rol protag\u00f3nico en la defensa de algunos de los imputados, como as\u00ed tambi\u00e9n en el contacto con los damnificados solicitando la remisi\u00f3n de contratos, bajo falsa promesa de realizar tr\u00e1mites ante la fiscal\u00eda interviniente, para la devoluci\u00f3n del dinero invertido.<\/p>\n\n\n\n<p>De la investigaci\u00f3n llevada adelante por la UDEC y declaraciones testimoniales, la imputada se encuentra sindicada como parte de la organizaci\u00f3n dedicada a concretar hechos il\u00edcitos dirigidos a inducir a error a distintas personas captadas para realizar operaciones de inversiones y luego distribuir entre los miembros de la estructura, el producto de dicha actividad.<\/p>\n","protected":false},"excerpt":{"rendered":"<p>Est\u00e1 acusada de formar parte de la organizaci\u00f3n delictiva previa y posteriormente a la investigaci\u00f3n y allanamientos realizados. Es pareja de uno de los imputados detenidos. En el marco de la audiencia de formalizaci\u00f3n de la acusaci\u00f3n, la titular de la Unidad de Delitos Econ\u00f3micos complejos Ana In\u00e9s Salinas Odorisio imput\u00f3 por el delito de [&hellip;]<\/p>\n","protected":false},"author":2,"featured_media":44368,"comment_status":"open","ping_status":"open","sticky":false,"template":"","format":"standard","meta":{"tdm_status":"","tdm_grid_status":"","_joinchat":[],"footnotes":""},"categories":[63],"tags":[],"class_list":{"0":"post-44367","1":"post","2":"type-post","3":"status-publish","4":"format-standard","5":"has-post-thumbnail","7":"category-policiales"},"amp_enabled":true,"_links":{"self":[{"href":"https:\/\/www.todoeldia.com\/index.php\/wp-json\/wp\/v2\/posts\/44367","targetHints":{"allow":["GET"]}}],"collection":[{"href":"https:\/\/www.todoeldia.com\/index.php\/wp-json\/wp\/v2\/posts"}],"about":[{"href":"https:\/\/www.todoeldia.com\/index.php\/wp-json\/wp\/v2\/types\/post"}],"author":[{"embeddable":true,"href":"https:\/\/www.todoeldia.com\/index.php\/wp-json\/wp\/v2\/users\/2"}],"replies":[{"embeddable":true,"href":"https:\/\/www.todoeldia.com\/index.php\/wp-json\/wp\/v2\/comments?post=44367"}],"version-history":[{"count":1,"href":"https:\/\/www.todoeldia.com\/index.php\/wp-json\/wp\/v2\/posts\/44367\/revisions"}],"predecessor-version":[{"id":44370,"href":"https:\/\/www.todoeldia.com\/index.php\/wp-json\/wp\/v2\/posts\/44367\/revisions\/44370"}],"wp:featuredmedia":[{"embeddable":true,"href":"https:\/\/www.todoeldia.com\/index.php\/wp-json\/wp\/v2\/media\/44368"}],"wp:attachment":[{"href":"https:\/\/www.todoeldia.com\/index.php\/wp-json\/wp\/v2\/media?parent=44367"}],"wp:term":[{"taxonomy":"category","embeddable":true,"href":"https:\/\/www.todoeldia.com\/index.php\/wp-json\/wp\/v2\/categories?post=44367"},{"taxonomy":"post_tag","embeddable":true,"href":"https:\/\/www.todoeldia.com\/index.php\/wp-json\/wp\/v2\/tags?post=44367"}],"curies":[{"name":"wp","href":"https:\/\/api.w.org\/{rel}","templated":true}]}}