{"id":44371,"date":"2022-08-24T15:17:31","date_gmt":"2022-08-24T18:17:31","guid":{"rendered":"https:\/\/www.todoeldia.com\/?p=44371"},"modified":"2022-08-24T15:17:33","modified_gmt":"2022-08-24T18:17:33","slug":"imputaron-al-gendarme-acusado-de-abuso-y-a-su-pareja-que-es-la-madre-de-la-menor","status":"publish","type":"post","link":"https:\/\/www.todoeldia.com\/index.php\/2022\/08\/24\/imputaron-al-gendarme-acusado-de-abuso-y-a-su-pareja-que-es-la-madre-de-la-menor\/","title":{"rendered":"Imputaron al gendarme acusado de abuso y a su pareja que es la madre de la menor"},"content":{"rendered":"\n<p>Este mi\u00e9rcoles la fiscal penal de Violencia Familiar y de G\u00e9nero de Tartagal, Lorena Mart\u00ednez, imput\u00f3 en forma provisional a un hombre como autor de los delitos de abuso sexual con acceso carnal y abuso sexual gravemente ultrajante en concurso real en perjuicio de una ni\u00f1a de 7 a\u00f1os y a la madre de la menor, como part\u00edcipe secundario de estos delitos.<\/p>\n\n\n\n<p>Seg\u00fan consta en las actuaciones, el hombre manten\u00eda una relaci\u00f3n sentimental con la madre de la menor y en ocasi\u00f3n de concurrir al domicilio de ambas, entre los meses de julio y agosto de 2022, habr\u00eda vulnerado la integridad sexual de la ni\u00f1a con distintos actos con conocimiento de la progenitora de la menor.<\/p>\n\n\n\n<p>Al no contar con la denuncia de la madre, tutor o representante legal de la menor damnificada, la Fiscal\u00eda inici\u00f3 la investigaci\u00f3n de oficio, haciendo primar el inter\u00e9s superior de la ni\u00f1a, que se encuentra en situaci\u00f3n de vulnerabilidad.<\/p>\n\n\n\n<p>Acompa\u00f1ados de un defensor particular, los acusados se abstuvieron de declarar y desde la Fiscal\u00eda se solicit\u00f3 que se mantenga su detenci\u00f3n en el caso del acusado y el arresto domiciliario de la mujer, mientras se cumplen numerosas medidas solicitadas para lograr el esclarecimiento de los hechos.<\/p>\n","protected":false},"excerpt":{"rendered":"<p>Este mi\u00e9rcoles la fiscal penal de Violencia Familiar y de G\u00e9nero de Tartagal, Lorena Mart\u00ednez, imput\u00f3 en forma provisional a un hombre como autor de los delitos de abuso sexual con acceso carnal y abuso sexual gravemente ultrajante en concurso real en perjuicio de una ni\u00f1a de 7 a\u00f1os y a la madre de la [&hellip;]<\/p>\n","protected":false},"author":2,"featured_media":44372,"comment_status":"open","ping_status":"open","sticky":false,"template":"","format":"standard","meta":{"tdm_status":"","tdm_grid_status":"","_joinchat":[],"footnotes":""},"categories":[1],"tags":[],"class_list":{"0":"post-44371","1":"post","2":"type-post","3":"status-publish","4":"format-standard","5":"has-post-thumbnail","7":"category-sin-categoria"},"amp_enabled":true,"_links":{"self":[{"href":"https:\/\/www.todoeldia.com\/index.php\/wp-json\/wp\/v2\/posts\/44371","targetHints":{"allow":["GET"]}}],"collection":[{"href":"https:\/\/www.todoeldia.com\/index.php\/wp-json\/wp\/v2\/posts"}],"about":[{"href":"https:\/\/www.todoeldia.com\/index.php\/wp-json\/wp\/v2\/types\/post"}],"author":[{"embeddable":true,"href":"https:\/\/www.todoeldia.com\/index.php\/wp-json\/wp\/v2\/users\/2"}],"replies":[{"embeddable":true,"href":"https:\/\/www.todoeldia.com\/index.php\/wp-json\/wp\/v2\/comments?post=44371"}],"version-history":[{"count":1,"href":"https:\/\/www.todoeldia.com\/index.php\/wp-json\/wp\/v2\/posts\/44371\/revisions"}],"predecessor-version":[{"id":44373,"href":"https:\/\/www.todoeldia.com\/index.php\/wp-json\/wp\/v2\/posts\/44371\/revisions\/44373"}],"wp:featuredmedia":[{"embeddable":true,"href":"https:\/\/www.todoeldia.com\/index.php\/wp-json\/wp\/v2\/media\/44372"}],"wp:attachment":[{"href":"https:\/\/www.todoeldia.com\/index.php\/wp-json\/wp\/v2\/media?parent=44371"}],"wp:term":[{"taxonomy":"category","embeddable":true,"href":"https:\/\/www.todoeldia.com\/index.php\/wp-json\/wp\/v2\/categories?post=44371"},{"taxonomy":"post_tag","embeddable":true,"href":"https:\/\/www.todoeldia.com\/index.php\/wp-json\/wp\/v2\/tags?post=44371"}],"curies":[{"name":"wp","href":"https:\/\/api.w.org\/{rel}","templated":true}]}}