{"id":44374,"date":"2022-08-24T15:22:18","date_gmt":"2022-08-24T18:22:18","guid":{"rendered":"https:\/\/www.todoeldia.com\/?p=44374"},"modified":"2022-08-24T15:22:20","modified_gmt":"2022-08-24T18:22:20","slug":"no-imputaran-ni-detendran-a-la-suegra-del-fallecido-peluquero-victor-cordoba","status":"publish","type":"post","link":"https:\/\/www.todoeldia.com\/index.php\/2022\/08\/24\/no-imputaran-ni-detendran-a-la-suegra-del-fallecido-peluquero-victor-cordoba\/","title":{"rendered":"No imputar\u00e1n ni detendr\u00e1n a la suegra del fallecido peluquero V\u00edctor C\u00f3rdoba"},"content":{"rendered":"\n<p>La Fiscal\u00eda de Impugnaci\u00f3n 1 emiti\u00f3 dictamen respecto al pedido de revisi\u00f3n presentado por la querella en la causa que investiga el homicidio calificado del hombre de 27 a\u00f1os y por el que se encuentran detenidos su esposa y su suegro como coautores.<\/p>\n\n\n\n<p>Se considera que actualmente no existen los elementos de convicci\u00f3n exigidos para actuar del modo requerido por la querella, quedando la decisi\u00f3n sujeta a la evoluci\u00f3n de las tareas probatorias solicitadas.<\/p>\n\n\n\n<p>Los fiscales penales Gonzalo G\u00f3mez Amado y Nicol\u00e1s Rodr\u00edguez L\u00f3pez, en el marco de la investigaci\u00f3n que llevan adelante en Unidad Fiscal por el homicidio calificado de V\u00edctor Ren\u00e9 C\u00f3rdoba, fueron notificados por la Fiscal\u00eda de Impugnaci\u00f3n 1 del dictamen emitida a partir de la solicitud de la querella de que se revise la decisi\u00f3n de los representantes del Ministerio P\u00fablico Fiscal de no imputar, investigar o detener a la suegra del fallecido como part\u00edcipe en el hecho investigado.<\/p>\n\n\n\n<p>En el dictamen, el fiscal de Impugnaci\u00f3n interino Leandro Flores, analiza la solicitud y al considerar que en el despliegue de la actividad investigativa, se agregaron distintos elementos que no permitieron a los fiscales G\u00f3mez Amado y Rodr\u00edguez L\u00f3pez, establecer que la suegra del acusado haya intervenido con alg\u00fan grado de participaci\u00f3n en la agresi\u00f3n sufrida por V\u00edctor Ren\u00e9 C\u00f3rdoba ni en el posterior curso causal que deriv\u00f3 en su fallecimiento, resuelve no hacer lugar al pedido de revisi\u00f3n presentado de la querella, sin perjuicio de que la continuidad investigativa posibilite modificar este criterio.<\/p>\n\n\n\n<p>Cabe recordar que por el hecho se encuentran imputados y detenidos con prisi\u00f3n preventiva Jose Luis Peralta de 59 a\u00f1os y su hija Macarena de 25 a\u00f1os como coautores del delito de homicidio calificado.<\/p>\n","protected":false},"excerpt":{"rendered":"<p>La Fiscal\u00eda de Impugnaci\u00f3n 1 emiti\u00f3 dictamen respecto al pedido de revisi\u00f3n presentado por la querella en la causa que investiga el homicidio calificado del hombre de 27 a\u00f1os y por el que se encuentran detenidos su esposa y su suegro como coautores. Se considera que actualmente no existen los elementos de convicci\u00f3n exigidos para [&hellip;]<\/p>\n","protected":false},"author":2,"featured_media":37902,"comment_status":"open","ping_status":"open","sticky":false,"template":"","format":"standard","meta":{"tdm_status":"","tdm_grid_status":"","_joinchat":[],"footnotes":""},"categories":[73,63],"tags":[],"class_list":{"0":"post-44374","1":"post","2":"type-post","3":"status-publish","4":"format-standard","5":"has-post-thumbnail","7":"category-noticias-general","8":"category-policiales"},"amp_enabled":true,"_links":{"self":[{"href":"https:\/\/www.todoeldia.com\/index.php\/wp-json\/wp\/v2\/posts\/44374","targetHints":{"allow":["GET"]}}],"collection":[{"href":"https:\/\/www.todoeldia.com\/index.php\/wp-json\/wp\/v2\/posts"}],"about":[{"href":"https:\/\/www.todoeldia.com\/index.php\/wp-json\/wp\/v2\/types\/post"}],"author":[{"embeddable":true,"href":"https:\/\/www.todoeldia.com\/index.php\/wp-json\/wp\/v2\/users\/2"}],"replies":[{"embeddable":true,"href":"https:\/\/www.todoeldia.com\/index.php\/wp-json\/wp\/v2\/comments?post=44374"}],"version-history":[{"count":1,"href":"https:\/\/www.todoeldia.com\/index.php\/wp-json\/wp\/v2\/posts\/44374\/revisions"}],"predecessor-version":[{"id":44375,"href":"https:\/\/www.todoeldia.com\/index.php\/wp-json\/wp\/v2\/posts\/44374\/revisions\/44375"}],"wp:featuredmedia":[{"embeddable":true,"href":"https:\/\/www.todoeldia.com\/index.php\/wp-json\/wp\/v2\/media\/37902"}],"wp:attachment":[{"href":"https:\/\/www.todoeldia.com\/index.php\/wp-json\/wp\/v2\/media?parent=44374"}],"wp:term":[{"taxonomy":"category","embeddable":true,"href":"https:\/\/www.todoeldia.com\/index.php\/wp-json\/wp\/v2\/categories?post=44374"},{"taxonomy":"post_tag","embeddable":true,"href":"https:\/\/www.todoeldia.com\/index.php\/wp-json\/wp\/v2\/tags?post=44374"}],"curies":[{"name":"wp","href":"https:\/\/api.w.org\/{rel}","templated":true}]}}