{"id":44387,"date":"2022-08-24T20:56:25","date_gmt":"2022-08-24T23:56:25","guid":{"rendered":"https:\/\/www.todoeldia.com\/?p=44387"},"modified":"2022-08-24T20:56:26","modified_gmt":"2022-08-24T23:56:26","slug":"murio-hoy-el-hombre-baleado-ayer-en-apolinario-saravia","status":"publish","type":"post","link":"https:\/\/www.todoeldia.com\/index.php\/2022\/08\/24\/murio-hoy-el-hombre-baleado-ayer-en-apolinario-saravia\/","title":{"rendered":"Muri\u00f3 hoy el hombre baleado ayer en Apolinario Saravia"},"content":{"rendered":"\n<p>Un hombre fue lesionado con un arma de fuego y debido a la gravedad de las heridas, fue derivado al hospital San Bernardo, donde falleci\u00f3 este mi\u00e9rcoles. Por el hecho hay un hombre detenido como principal sospechoso y dispusieron todas las medidas tendientes al esclarecimiento del hecho.<\/p>\n\n\n\n<p>La fiscal penal de Joaqu\u00edn V. Gonz\u00e1lez, Mar\u00eda Celeste Garc\u00eda Pisacic, a trav\u00e9s de la delegaci\u00f3n Apolinario Saravia, investiga un hecho ocurrido alrededor de las 13 de este martes en la ruta provincial 5, cuando un hombre fue trasladado al hospital local con heridas de arma de fuego.<\/p>\n\n\n\n<p>Debido a la importancia de las lesiones, debi\u00f3 ser derivado al hospital San Bernardo en la ciudad de Salta, donde falleci\u00f3 este mi\u00e9rcoles por la gravedad de las heridas.<\/p>\n\n\n\n<p>De las primeras tareas investigativas desplegadas, se identific\u00f3 a un hombre de 77 a\u00f1os como principal sospechoso y se solicit\u00f3 al Juzgado de Garant\u00edas interviniente, orden de allanamiento para el domicilio del acusado, desde donde se secuestraron elementos de inter\u00e9s para la causa.<\/p>\n\n\n\n<p>La audiencia de imputaci\u00f3n del acusado se concretar\u00e1 en las pr\u00f3ximas horas.<\/p>\n","protected":false},"excerpt":{"rendered":"<p>Un hombre fue lesionado con un arma de fuego y debido a la gravedad de las heridas, fue derivado al hospital San Bernardo, donde falleci\u00f3 este mi\u00e9rcoles. Por el hecho hay un hombre detenido como principal sospechoso y dispusieron todas las medidas tendientes al esclarecimiento del hecho. La fiscal penal de Joaqu\u00edn V. Gonz\u00e1lez, Mar\u00eda [&hellip;]<\/p>\n","protected":false},"author":2,"featured_media":40901,"comment_status":"open","ping_status":"open","sticky":false,"template":"","format":"standard","meta":{"tdm_status":"","tdm_grid_status":"","_joinchat":[],"footnotes":""},"categories":[63],"tags":[],"class_list":{"0":"post-44387","1":"post","2":"type-post","3":"status-publish","4":"format-standard","5":"has-post-thumbnail","7":"category-policiales"},"amp_enabled":true,"_links":{"self":[{"href":"https:\/\/www.todoeldia.com\/index.php\/wp-json\/wp\/v2\/posts\/44387","targetHints":{"allow":["GET"]}}],"collection":[{"href":"https:\/\/www.todoeldia.com\/index.php\/wp-json\/wp\/v2\/posts"}],"about":[{"href":"https:\/\/www.todoeldia.com\/index.php\/wp-json\/wp\/v2\/types\/post"}],"author":[{"embeddable":true,"href":"https:\/\/www.todoeldia.com\/index.php\/wp-json\/wp\/v2\/users\/2"}],"replies":[{"embeddable":true,"href":"https:\/\/www.todoeldia.com\/index.php\/wp-json\/wp\/v2\/comments?post=44387"}],"version-history":[{"count":1,"href":"https:\/\/www.todoeldia.com\/index.php\/wp-json\/wp\/v2\/posts\/44387\/revisions"}],"predecessor-version":[{"id":44388,"href":"https:\/\/www.todoeldia.com\/index.php\/wp-json\/wp\/v2\/posts\/44387\/revisions\/44388"}],"wp:featuredmedia":[{"embeddable":true,"href":"https:\/\/www.todoeldia.com\/index.php\/wp-json\/wp\/v2\/media\/40901"}],"wp:attachment":[{"href":"https:\/\/www.todoeldia.com\/index.php\/wp-json\/wp\/v2\/media?parent=44387"}],"wp:term":[{"taxonomy":"category","embeddable":true,"href":"https:\/\/www.todoeldia.com\/index.php\/wp-json\/wp\/v2\/categories?post=44387"},{"taxonomy":"post_tag","embeddable":true,"href":"https:\/\/www.todoeldia.com\/index.php\/wp-json\/wp\/v2\/tags?post=44387"}],"curies":[{"name":"wp","href":"https:\/\/api.w.org\/{rel}","templated":true}]}}