{"id":44392,"date":"2022-08-24T21:04:20","date_gmt":"2022-08-25T00:04:20","guid":{"rendered":"https:\/\/www.todoeldia.com\/?p=44392"},"modified":"2022-08-24T21:04:21","modified_gmt":"2022-08-25T00:04:21","slug":"a-prision-por-abusar-de-una-joven-con-discapacidad-mental","status":"publish","type":"post","link":"https:\/\/www.todoeldia.com\/index.php\/2022\/08\/24\/a-prision-por-abusar-de-una-joven-con-discapacidad-mental\/","title":{"rendered":"A prisi\u00f3n por abusar de una joven con discapacidad mental"},"content":{"rendered":"\n<p>El condenado era un conocido de la familia de la v\u00edctima.<\/p>\n\n\n\n<p>La Sala 4 del Tribunal de Juicio conden\u00f3 a un hombre a la pena de seis a\u00f1os y seis meses de prisi\u00f3n de cumplimiento efectivo por el delito de abuso sexual con acceso carnal.<\/p>\n\n\n\n<p>El Ministerio P\u00fablico Fiscal estuvo representado por la fiscal penal de la Unidad de Delitos contra la Integridad Sexual, Cecilia Flores Toranzos.<\/p>\n\n\n\n<p>La jueza Norma Vera conden\u00f3 al imputado por haber sido la damnificada que padece una discapacidad mental, avasallada en su integridad sexual por parte de una persona conocida de la familia.<\/p>\n\n\n\n<p>La jueza Norma Beatriz Vera orden\u00f3 que, a trav\u00e9s del CIF, se proceda a la extracci\u00f3n de muestras de ADN para su inscripci\u00f3n en el Banco de Datos Gen\u00e9ticos y posterior traslado del condenado a la Unidad Carcelaria correspondiente.<\/p>\n","protected":false},"excerpt":{"rendered":"<p>El condenado era un conocido de la familia de la v\u00edctima. La Sala 4 del Tribunal de Juicio conden\u00f3 a un hombre a la pena de seis a\u00f1os y seis meses de prisi\u00f3n de cumplimiento efectivo por el delito de abuso sexual con acceso carnal. El Ministerio P\u00fablico Fiscal estuvo representado por la fiscal penal [&hellip;]<\/p>\n","protected":false},"author":2,"featured_media":40355,"comment_status":"open","ping_status":"open","sticky":false,"template":"","format":"standard","meta":{"tdm_status":"","tdm_grid_status":"","_joinchat":[],"footnotes":""},"categories":[63],"tags":[],"class_list":{"0":"post-44392","1":"post","2":"type-post","3":"status-publish","4":"format-standard","5":"has-post-thumbnail","7":"category-policiales"},"amp_enabled":true,"_links":{"self":[{"href":"https:\/\/www.todoeldia.com\/index.php\/wp-json\/wp\/v2\/posts\/44392","targetHints":{"allow":["GET"]}}],"collection":[{"href":"https:\/\/www.todoeldia.com\/index.php\/wp-json\/wp\/v2\/posts"}],"about":[{"href":"https:\/\/www.todoeldia.com\/index.php\/wp-json\/wp\/v2\/types\/post"}],"author":[{"embeddable":true,"href":"https:\/\/www.todoeldia.com\/index.php\/wp-json\/wp\/v2\/users\/2"}],"replies":[{"embeddable":true,"href":"https:\/\/www.todoeldia.com\/index.php\/wp-json\/wp\/v2\/comments?post=44392"}],"version-history":[{"count":1,"href":"https:\/\/www.todoeldia.com\/index.php\/wp-json\/wp\/v2\/posts\/44392\/revisions"}],"predecessor-version":[{"id":44393,"href":"https:\/\/www.todoeldia.com\/index.php\/wp-json\/wp\/v2\/posts\/44392\/revisions\/44393"}],"wp:featuredmedia":[{"embeddable":true,"href":"https:\/\/www.todoeldia.com\/index.php\/wp-json\/wp\/v2\/media\/40355"}],"wp:attachment":[{"href":"https:\/\/www.todoeldia.com\/index.php\/wp-json\/wp\/v2\/media?parent=44392"}],"wp:term":[{"taxonomy":"category","embeddable":true,"href":"https:\/\/www.todoeldia.com\/index.php\/wp-json\/wp\/v2\/categories?post=44392"},{"taxonomy":"post_tag","embeddable":true,"href":"https:\/\/www.todoeldia.com\/index.php\/wp-json\/wp\/v2\/tags?post=44392"}],"curies":[{"name":"wp","href":"https:\/\/api.w.org\/{rel}","templated":true}]}}