{"id":44394,"date":"2022-08-24T21:11:12","date_gmt":"2022-08-25T00:11:12","guid":{"rendered":"https:\/\/www.todoeldia.com\/?p=44394"},"modified":"2022-08-24T21:11:13","modified_gmt":"2022-08-25T00:11:13","slug":"conducia-ebrio-en-exceso-de-velocidad-embistio-a-dos-personas-una-de-ellas-fallecio-y-se-dio-a-la-fuga","status":"publish","type":"post","link":"https:\/\/www.todoeldia.com\/index.php\/2022\/08\/24\/conducia-ebrio-en-exceso-de-velocidad-embistio-a-dos-personas-una-de-ellas-fallecio-y-se-dio-a-la-fuga\/","title":{"rendered":"Conduc\u00eda ebrio en exceso de velocidad, embisti\u00f3 a dos personas, una de ellas falleci\u00f3 y se dio a la fuga"},"content":{"rendered":"\n<p>Un hombre de 28 a\u00f1os fue imputado por un hecho ocurrido en la zona sudeste de la ciudad de Salta. Conduc\u00eda a exceso de velocidad, en estado de ebriedad y se dio a la fuga.<\/p>\n\n\n\n<p>La fiscal penal 2 de la Unidad de Graves Atentados contra las Personas, Ver\u00f3nica Simesen de Bielke, imput\u00f3 en forma provisional a un hombre de 28 a\u00f1os como autor de los delitos de homicidio culposo por la conducci\u00f3n imprudente, negligente, antirreglamentaria de un veh\u00edculo con motor triplemente calificado por darse a la fuga, no intentar socorrer a la v\u00edctima, por estar conduciendo en exceso de velocidad de m\u00e1s de 30 km por encima de la velocidad permitida en el lugar del hecho y por estar con un nivel de alcoholemia superior a 1 gramo por litro de sangre y lesiones culposas graves triplemente calificadas en concurso ideal.<\/p>\n\n\n\n<p>El hecho ocurri\u00f3 en barrio Juan Calchaqu\u00ed de la ciudad de Salta, cuando el acusado conduc\u00eda su autom\u00f3vil por calle Joaqu\u00edn V\u00edctor Gonz\u00e1lez y habr\u00eda embestido a dos personas, que resultaron lesionadas y uno de ellos falleci\u00f3.<\/p>\n\n\n\n<p>Del an\u00e1lisis de los resultados de las medidas y pericias dispuestas, se determin\u00f3 que el acusado conduc\u00eda con un nivel de alcoholemia superior a 1 g\/l, que conduc\u00eda a una velocidad superior a la permitida y que se dio a la fuga, sin intentar socorrer a los damnificados.<\/p>\n\n\n\n<p>El acusado se present\u00f3 con abogado particular y se abstuvo de declarar.<\/p>\n","protected":false},"excerpt":{"rendered":"<p>Un hombre de 28 a\u00f1os fue imputado por un hecho ocurrido en la zona sudeste de la ciudad de Salta. Conduc\u00eda a exceso de velocidad, en estado de ebriedad y se dio a la fuga. La fiscal penal 2 de la Unidad de Graves Atentados contra las Personas, Ver\u00f3nica Simesen de Bielke, imput\u00f3 en forma [&hellip;]<\/p>\n","protected":false},"author":2,"featured_media":44395,"comment_status":"open","ping_status":"open","sticky":false,"template":"","format":"standard","meta":{"tdm_status":"","tdm_grid_status":"","_joinchat":[],"footnotes":""},"categories":[63],"tags":[],"class_list":{"0":"post-44394","1":"post","2":"type-post","3":"status-publish","4":"format-standard","5":"has-post-thumbnail","7":"category-policiales"},"amp_enabled":true,"_links":{"self":[{"href":"https:\/\/www.todoeldia.com\/index.php\/wp-json\/wp\/v2\/posts\/44394","targetHints":{"allow":["GET"]}}],"collection":[{"href":"https:\/\/www.todoeldia.com\/index.php\/wp-json\/wp\/v2\/posts"}],"about":[{"href":"https:\/\/www.todoeldia.com\/index.php\/wp-json\/wp\/v2\/types\/post"}],"author":[{"embeddable":true,"href":"https:\/\/www.todoeldia.com\/index.php\/wp-json\/wp\/v2\/users\/2"}],"replies":[{"embeddable":true,"href":"https:\/\/www.todoeldia.com\/index.php\/wp-json\/wp\/v2\/comments?post=44394"}],"version-history":[{"count":1,"href":"https:\/\/www.todoeldia.com\/index.php\/wp-json\/wp\/v2\/posts\/44394\/revisions"}],"predecessor-version":[{"id":44396,"href":"https:\/\/www.todoeldia.com\/index.php\/wp-json\/wp\/v2\/posts\/44394\/revisions\/44396"}],"wp:featuredmedia":[{"embeddable":true,"href":"https:\/\/www.todoeldia.com\/index.php\/wp-json\/wp\/v2\/media\/44395"}],"wp:attachment":[{"href":"https:\/\/www.todoeldia.com\/index.php\/wp-json\/wp\/v2\/media?parent=44394"}],"wp:term":[{"taxonomy":"category","embeddable":true,"href":"https:\/\/www.todoeldia.com\/index.php\/wp-json\/wp\/v2\/categories?post=44394"},{"taxonomy":"post_tag","embeddable":true,"href":"https:\/\/www.todoeldia.com\/index.php\/wp-json\/wp\/v2\/tags?post=44394"}],"curies":[{"name":"wp","href":"https:\/\/api.w.org\/{rel}","templated":true}]}}