{"id":44397,"date":"2022-08-25T10:06:29","date_gmt":"2022-08-25T13:06:29","guid":{"rendered":"https:\/\/www.todoeldia.com\/?p=44397"},"modified":"2022-08-25T10:06:30","modified_gmt":"2022-08-25T13:06:30","slug":"el-fiscal-diego-luciani-le-respondio-a-fernandez-es-preocupante-un-grave-avasallamiento","status":"publish","type":"post","link":"https:\/\/www.todoeldia.com\/index.php\/2022\/08\/25\/el-fiscal-diego-luciani-le-respondio-a-fernandez-es-preocupante-un-grave-avasallamiento\/","title":{"rendered":"El fiscal Diego Luciani le respondi\u00f3 a Fern\u00e1ndez: \u201cEs preocupante, un grave avasallamiento\u201d"},"content":{"rendered":"\n<p>El fiscal dijo que el Presidente deber\u00eda ser el primero en \u201cpracticar los valores republicanos\u201d. El mandatario hab\u00eda dicho que esperaba que el fiscal no haga \u201clo mismo que Nisman\u201d.<\/p>\n\n\n\n<p>Luego de las declaraciones de Alberto Fern\u00e1ndez en las que se refiri\u00f3 a la muerte del ex fiscal Alberto Nisman y pidi\u00f3 que &#8220;el fiscal Luciani no haga lo mismo&#8221;, el integrante del Ministerio P\u00fablico Fiscal que pidi\u00f3 esta semana una condena de doce a\u00f1os contra Cristina Kirchner, sali\u00f3 a responderle &#8220;Es preocupante el grave avasallamiento de las instituciones por parte de un presidente o el ministro de Seguridad&#8221;, dijo ante la consulta de Clar\u00edn.<\/p>\n\n\n\n<p>El Presidente en la entrevista de TN hab\u00eda dicho que &#8220;hasta ac\u00e1, Nisman se suicid\u00f3. Espero que el fiscal Luciani no haga lo mismo&#8221;. Adem\u00e1s, el mandatario fij\u00f3 postura sobre el pedido de condena en un caso de corrupci\u00f3n contra la vicepresidenta y dijo que no era responsable en el caso por el presunto direccionamiento en la obra p\u00fablica. &#8220;Es honesta&#8221;, agreg\u00f3.<\/p>\n\n\n\n<p>En el mensaje en el que le contest\u00f3 a Fern\u00e1ndez, Luciani agreg\u00f3 El Presidente o el ministro de Seguridad deber\u00edan ser los primeros en practicar los valores republicanos. No deben olvidarse de que representan a toda ciudadan\u00eda&#8221;.<\/p>\n","protected":false},"excerpt":{"rendered":"<p>El fiscal dijo que el Presidente deber\u00eda ser el primero en \u201cpracticar los valores republicanos\u201d. El mandatario hab\u00eda dicho que esperaba que el fiscal no haga \u201clo mismo que Nisman\u201d. Luego de las declaraciones de Alberto Fern\u00e1ndez en las que se refiri\u00f3 a la muerte del ex fiscal Alberto Nisman y pidi\u00f3 que &#8220;el fiscal [&hellip;]<\/p>\n","protected":false},"author":2,"featured_media":44398,"comment_status":"open","ping_status":"open","sticky":false,"template":"","format":"standard","meta":{"tdm_status":"","tdm_grid_status":"","_joinchat":[],"footnotes":""},"categories":[59],"tags":[],"class_list":{"0":"post-44397","1":"post","2":"type-post","3":"status-publish","4":"format-standard","5":"has-post-thumbnail","7":"category-politica"},"amp_enabled":true,"_links":{"self":[{"href":"https:\/\/www.todoeldia.com\/index.php\/wp-json\/wp\/v2\/posts\/44397","targetHints":{"allow":["GET"]}}],"collection":[{"href":"https:\/\/www.todoeldia.com\/index.php\/wp-json\/wp\/v2\/posts"}],"about":[{"href":"https:\/\/www.todoeldia.com\/index.php\/wp-json\/wp\/v2\/types\/post"}],"author":[{"embeddable":true,"href":"https:\/\/www.todoeldia.com\/index.php\/wp-json\/wp\/v2\/users\/2"}],"replies":[{"embeddable":true,"href":"https:\/\/www.todoeldia.com\/index.php\/wp-json\/wp\/v2\/comments?post=44397"}],"version-history":[{"count":1,"href":"https:\/\/www.todoeldia.com\/index.php\/wp-json\/wp\/v2\/posts\/44397\/revisions"}],"predecessor-version":[{"id":44399,"href":"https:\/\/www.todoeldia.com\/index.php\/wp-json\/wp\/v2\/posts\/44397\/revisions\/44399"}],"wp:featuredmedia":[{"embeddable":true,"href":"https:\/\/www.todoeldia.com\/index.php\/wp-json\/wp\/v2\/media\/44398"}],"wp:attachment":[{"href":"https:\/\/www.todoeldia.com\/index.php\/wp-json\/wp\/v2\/media?parent=44397"}],"wp:term":[{"taxonomy":"category","embeddable":true,"href":"https:\/\/www.todoeldia.com\/index.php\/wp-json\/wp\/v2\/categories?post=44397"},{"taxonomy":"post_tag","embeddable":true,"href":"https:\/\/www.todoeldia.com\/index.php\/wp-json\/wp\/v2\/tags?post=44397"}],"curies":[{"name":"wp","href":"https:\/\/api.w.org\/{rel}","templated":true}]}}