{"id":44473,"date":"2022-08-25T22:57:45","date_gmt":"2022-08-26T01:57:45","guid":{"rendered":"https:\/\/www.todoeldia.com\/?p=44473"},"modified":"2022-08-25T22:57:47","modified_gmt":"2022-08-26T01:57:47","slug":"la-misma-soga-el-mismo-arbol-las-muertes-de-yanina-nuesch-y-lujan-penalba-un-misterio-que-cumplio-10-anos","status":"publish","type":"post","link":"https:\/\/www.todoeldia.com\/index.php\/2022\/08\/25\/la-misma-soga-el-mismo-arbol-las-muertes-de-yanina-nuesch-y-lujan-penalba-un-misterio-que-cumplio-10-anos\/","title":{"rendered":"La misma soga, el mismo \u00e1rbol: las muertes de Yanina N\u00fcesch y Luj\u00e1n Pe\u00f1alba, un misterio que cumpli\u00f3 10 a\u00f1os"},"content":{"rendered":"\n<p>Eran \u00edntimas amigas y sus cuerpos aparecieron colgando de un \u00e1rbol en la localidad salte\u00f1a de Cerrillos. El caso se cerr\u00f3 como suicidio en dos oportunidades, pero las dudas siguen. Informe especial de Ricardo Canaletti para Telenoche.<\/p>\n\n\n\n<p>El \u00e1rbol est\u00e1 protegido por peque\u00f1os demonios de la Tierra que se levantan como un muro fantasmag\u00f3rico. No es un lugar cualquiera porque all\u00ed dos amigas, de buenas a primeras, aparecieron colgadas de una de sus gruesas ramas, con la misma soga. Yanina N\u00fcesch ten\u00eda 16 a\u00f1os y, colgando a su lado, Luj\u00e1n Pe\u00f1alva, hab\u00eda cumplido 19. Era un lunes de julio de hace 10 a\u00f1os, en el departamento Cerrillos, en el l\u00edmite con la capital de Salta.<\/p>\n\n\n\n<p>Las buscaban desde la tarde del s\u00e1bado 14 de julio cuando su rastro se perdi\u00f3 completamente. Pocas horas despu\u00e9s de que las encontraran, el entonces gobernador Juan Manuel Urtubey, el jefe de Polic\u00eda Marcelo Lami, y el presidente de la C\u00e1mara de Diputados, dijeron al mismo tiempo: se suicidaron. \u00a1Qu\u00e9 rapidez para un evento inusual y sin ninguna pericia!<\/p>\n\n\n\n<p>El caso dividi\u00f3 a la provincia y a las familias de las chicas.<\/p>\n\n\n\n<figure class=\"wp-block-image size-large\"><img loading=\"lazy\" decoding=\"async\" width=\"1024\" height=\"585\" src=\"https:\/\/www.todoeldia.com\/wp-content\/uploads\/2022\/08\/image-117-1024x585.png\" alt=\"\" class=\"wp-image-44475\" srcset=\"https:\/\/www.todoeldia.com\/wp-content\/uploads\/2022\/08\/image-117-1024x585.png 1024w, https:\/\/www.todoeldia.com\/wp-content\/uploads\/2022\/08\/image-117-300x171.png 300w, https:\/\/www.todoeldia.com\/wp-content\/uploads\/2022\/08\/image-117-768x439.png 768w, https:\/\/www.todoeldia.com\/wp-content\/uploads\/2022\/08\/image-117-696x398.png 696w, https:\/\/www.todoeldia.com\/wp-content\/uploads\/2022\/08\/image-117-1068x610.png 1068w, https:\/\/www.todoeldia.com\/wp-content\/uploads\/2022\/08\/image-117-735x420.png 735w, https:\/\/www.todoeldia.com\/wp-content\/uploads\/2022\/08\/image-117.png 1440w\" sizes=\"auto, (max-width: 1024px) 100vw, 1024px\" \/><figcaption>En 2018, el caso fue reconstruido en el mismo \u00e1rbol donde las chicas aparecieron mue<\/figcaption><\/figure>\n\n\n\n<p>Los familiares de Yanina aceptaron la hip\u00f3tesis de las autoridades. \u201cD\u00e9jenla descansar en paz\u201d, pidieron, y hablaron de una \u201cdecisi\u00f3n de adolescente\u201d relacionada con la ruptura con su novio. La familia de Luj\u00e1n, por el contrario, se puso en la vereda de enfrente y sostuvo que a las j\u00f3venes las hab\u00edan asesinado. Luj\u00e1n no pasaba por ninguna crisis, ten\u00eda sangre en su pantal\u00f3n que no era menstrual y lo de la misma soga para dos muertes no los convenc\u00eda, al contrario.<\/p>\n\n\n\n<p>Y as\u00ed qued\u00f3 planteado el caso, con una pregunta lacerante: qu\u00e9 pas\u00f3 durante las 55 horas que estuvieron desaparecidas. Y por qu\u00e9 habr\u00edan elegido ese lugar entre Salta capital y Cerrillos; por qu\u00e9 esa Morera de gran tama\u00f1o; por qu\u00e9 ese lugar donde los pibes concurren cuando se ratean de la escuela; por qu\u00e9 de buenas a primeras; por qu\u00e9 ninguna de las dos dej\u00f3 una nota.<\/p>\n\n\n\n<p>El Centro de Investigaci\u00f3n Fiscal de Salta (CIF) concluy\u00f3 que Luj\u00e1n y Yanina murieron entre las 19 y las 23 del domingo 15 de julio. Una de ellas estaba a 60 cent\u00edmetros del suelo y la otra rozando la tierra con sus pies. A\u00fan no hay una explicaci\u00f3n acabada de las maniobras que habr\u00edan realizado para ahorcarse con la misma soga, si es que efectivamente se trat\u00f3 de un doble suicido.<\/p>\n\n\n\n<p>La familia de Luj\u00e1n revel\u00f3 que se realizaron estudios toxicol\u00f3gicos en busca de diez sustancias pero que no fueron completos porque los peritos ten\u00edan opini\u00f3n formada, es decir nunca pensaron que las pudieron haber sedado.<\/p>\n\n\n\n<p>Un a\u00f1o y nueve meses despu\u00e9s de haber hallado los cuerpos, el CIF lleg\u00f3 a la misma conclusi\u00f3n a la que arribaron el gobernador, el jefe de polic\u00eda y el presidente de la C\u00e1mara de Diputados apenas horas despu\u00e9s de que aparecieran las chicas, es decir que se suicidaron. Sorprendente, sobre todo porque ninguno de aquellos funcionarios forma parte del Poder Judicial, obviamente, y menos estaban a cargo de la investigaci\u00f3n, obviamente. El papeler\u00edo lo hicieron los jueces y archivaron el expediente.<\/p>\n\n\n\n<p>La reapertura del caso<\/p>\n\n\n\n<p>La familia Pe\u00f1alva logr\u00f3 interesar a un grupo de criminalistas de los Estados Unidos. La t\u00eda de Luj\u00e1n, Marisa, vive en ese pa\u00eds y busc\u00f3 asesoramiento. Ya en 2017, los peritos Timothy Valentine, Janice Johnson, Dawn Watkins y King Brown, realizaron un informe que se\u00f1al\u00f3 fallas en los procedimientos del CIF. Las j\u00f3venes no llegaron solas al \u00e1rbol. Hablaron de una huella de pisada de una persona desconocida y sostuvieron que era posible que ellas hubieran sido llevadas hasta ese lugar por un grupo de hombres. Hab\u00eda material gen\u00e9tico en la blusa de Yanina no analizado. Para estos expertos, la soga fue acomodada sobre la rama y en los cuellos de las v\u00edctimas.<\/p>\n\n\n\n<p>Estas conclusiones permitieron reabrir el caso. \u201cNo pudieron haberse subido solas a la rama; debieron utilizar alg\u00fan soporte\u201d, afirma el informe de los estadounidenses. En consecuencias, se realiz\u00f3 una reconstrucci\u00f3n siguiendo la posibilidad de que las j\u00f3venes fueran subidas a la rama y colgadas.<\/p>\n\n\n\n<p>Las esperanzas de que se avanzara en la pista del homicidio se desvanecieron para la familia Pe\u00f1alva en mayo del a\u00f1o pasado. La jueza M\u00f3nica Mukdsi afirm\u00f3 que no se hall\u00f3 ADN de otras personas en la soga com\u00fan y que nada ha conmovido la conclusi\u00f3n de que la muerte se debi\u00f3 a asfixia por ahorcadura. Resolvi\u00f3 que las j\u00f3venes se hab\u00edan quitado la vida por propia mano y acuerdo e incluso orden\u00f3 que se modifique la cartulina inicial del expediente, se borre \u201cmuerte dudosa\u201d y se coloque la palabra \u201csuicidio\u201d. El caso est\u00e1 cerrado. \u00bfEl caso est\u00e1 cerrado?<\/p>\n\n\n\n<p>Por Ricardo Canaletti<br><\/p>\n","protected":false},"excerpt":{"rendered":"<p>Eran \u00edntimas amigas y sus cuerpos aparecieron colgando de un \u00e1rbol en la localidad salte\u00f1a de Cerrillos. El caso se cerr\u00f3 como suicidio en dos oportunidades, pero las dudas siguen. Informe especial de Ricardo Canaletti para Telenoche. El \u00e1rbol est\u00e1 protegido por peque\u00f1os demonios de la Tierra que se levantan como un muro fantasmag\u00f3rico. No [&hellip;]<\/p>\n","protected":false},"author":2,"featured_media":44474,"comment_status":"open","ping_status":"open","sticky":false,"template":"","format":"standard","meta":{"tdm_status":"","tdm_grid_status":"","_joinchat":[],"footnotes":""},"categories":[63],"tags":[],"class_list":{"0":"post-44473","1":"post","2":"type-post","3":"status-publish","4":"format-standard","5":"has-post-thumbnail","7":"category-policiales"},"amp_enabled":true,"_links":{"self":[{"href":"https:\/\/www.todoeldia.com\/index.php\/wp-json\/wp\/v2\/posts\/44473","targetHints":{"allow":["GET"]}}],"collection":[{"href":"https:\/\/www.todoeldia.com\/index.php\/wp-json\/wp\/v2\/posts"}],"about":[{"href":"https:\/\/www.todoeldia.com\/index.php\/wp-json\/wp\/v2\/types\/post"}],"author":[{"embeddable":true,"href":"https:\/\/www.todoeldia.com\/index.php\/wp-json\/wp\/v2\/users\/2"}],"replies":[{"embeddable":true,"href":"https:\/\/www.todoeldia.com\/index.php\/wp-json\/wp\/v2\/comments?post=44473"}],"version-history":[{"count":1,"href":"https:\/\/www.todoeldia.com\/index.php\/wp-json\/wp\/v2\/posts\/44473\/revisions"}],"predecessor-version":[{"id":44476,"href":"https:\/\/www.todoeldia.com\/index.php\/wp-json\/wp\/v2\/posts\/44473\/revisions\/44476"}],"wp:featuredmedia":[{"embeddable":true,"href":"https:\/\/www.todoeldia.com\/index.php\/wp-json\/wp\/v2\/media\/44474"}],"wp:attachment":[{"href":"https:\/\/www.todoeldia.com\/index.php\/wp-json\/wp\/v2\/media?parent=44473"}],"wp:term":[{"taxonomy":"category","embeddable":true,"href":"https:\/\/www.todoeldia.com\/index.php\/wp-json\/wp\/v2\/categories?post=44473"},{"taxonomy":"post_tag","embeddable":true,"href":"https:\/\/www.todoeldia.com\/index.php\/wp-json\/wp\/v2\/tags?post=44473"}],"curies":[{"name":"wp","href":"https:\/\/api.w.org\/{rel}","templated":true}]}}