{"id":44477,"date":"2022-08-25T23:03:43","date_gmt":"2022-08-26T02:03:43","guid":{"rendered":"https:\/\/www.todoeldia.com\/?p=44477"},"modified":"2022-08-25T23:04:37","modified_gmt":"2022-08-26T02:04:37","slug":"llevaron-durante-seis-horas-en-andas-a-una-mujer-que-vive-en-la-montana-y-tuvo-una-urgencia-de-salud","status":"publish","type":"post","link":"https:\/\/www.todoeldia.com\/index.php\/2022\/08\/25\/llevaron-durante-seis-horas-en-andas-a-una-mujer-que-vive-en-la-montana-y-tuvo-una-urgencia-de-salud\/","title":{"rendered":"Llevaron durante seis horas en andas a una mujer que vive en la monta\u00f1a y tuvo una urgencia de salud"},"content":{"rendered":"\n<p>Ocurri\u00f3 en Catamarca. Mercedes Gonz\u00e1lez, integrante de la comunidad originaria de Las Vallas, se descompens\u00f3 y debi\u00f3 ser trasladada en una angarilla improvisada por pobladores. La mujer vive junto a otras once familias en medio del cerro y la falta de caminos impide el ingreso de ambulancias.<\/p>\n\n\n\n<p>Un colch\u00f3n sujetado por dos listones de hierro, dos frazadas y una campera como almohada. As\u00ed fue la improvisada camilla en la que trasladaron a Mercedes Gonz\u00e1lez durante seis horas a pie por la monta\u00f1a ante la falta de atenci\u00f3n m\u00e9dica en Catamarca. La foto recorri\u00f3 las redes sociales y exhibi\u00f3 el desamparo que sufren los integrantes de la comunidad originaria de Las Vallas, un poblado de 60 habitantes situado a 3200 metros sobre el nivel del mar.<\/p>\n\n\n\n<figure class=\"wp-block-image size-large\"><img loading=\"lazy\" decoding=\"async\" width=\"1024\" height=\"629\" src=\"https:\/\/www.todoeldia.com\/wp-content\/uploads\/2022\/08\/image-118-1024x629.png\" alt=\"\" class=\"wp-image-44480\" srcset=\"https:\/\/www.todoeldia.com\/wp-content\/uploads\/2022\/08\/image-118-1024x629.png 1024w, https:\/\/www.todoeldia.com\/wp-content\/uploads\/2022\/08\/image-118-300x184.png 300w, https:\/\/www.todoeldia.com\/wp-content\/uploads\/2022\/08\/image-118-768x472.png 768w, https:\/\/www.todoeldia.com\/wp-content\/uploads\/2022\/08\/image-118-696x428.png 696w, https:\/\/www.todoeldia.com\/wp-content\/uploads\/2022\/08\/image-118-1068x656.png 1068w, https:\/\/www.todoeldia.com\/wp-content\/uploads\/2022\/08\/image-118-683x420.png 683w, https:\/\/www.todoeldia.com\/wp-content\/uploads\/2022\/08\/image-118-356x220.png 356w, https:\/\/www.todoeldia.com\/wp-content\/uploads\/2022\/08\/image-118.png 1440w\" sizes=\"auto, (max-width: 1024px) 100vw, 1024px\" \/><figcaption>La angarilla utilizada para el traslado de la paciente<\/figcaption><\/figure>\n\n\n\n<p>La mujer, que vive con sus cinco hijos en medio del cerro, se retorc\u00eda de dolor y perd\u00eda mucha sangre a ra\u00edz del agravamiento de un fibroma uterino que le provoc\u00f3 una infecci\u00f3n en las v\u00edas urinarias. Con la ayuda de otros pobladores pudo llegar primero a Pozo de Piedra -ubicada a 35 kil\u00f3metros, es la localidad m\u00e1s cercana- y de ah\u00ed al hospital de Bel\u00e9n.<\/p>\n\n\n\n<p>Por la gravedad de su cuadro, finalmente fue derivada al Hospital de Santa Mar\u00eda, a 175 kil\u00f3metros de su casa. Anoche ped\u00edan dadores de sangre para poder operarla.<\/p>\n\n\n\n<p>\u201cHay gente que muere en el camino\u201d<\/p>\n\n\n\n<p>Sin un camino que conecte Las Vallas con Pozo de Piedra, los pobladores se ven obligados a recorrer el trayecto a pie o a lomo de mula. Cada vez que alguno de ellos necesita atenci\u00f3n m\u00e9dica, el drama se magnifica. En esta \u00e9poca son frecuentes las temperaturas bajo cero, por lo que el fr\u00edo tambi\u00e9n suele ser un obst\u00e1culo cruel.<\/p>\n\n\n\n<p>\u201cHay gente que muere en el camino. El a\u00f1o pasado tra\u00edan a un se\u00f1or en angarillas y no lleg\u00f3. Hace unos a\u00f1os, un ni\u00f1o muri\u00f3 por una infecci\u00f3n dental\u201d, cuenta a TN Ariana Escotorin, comunicadora local que difundi\u00f3 las im\u00e1genes. \u201cHice el censo en mayo, camin\u00e9 durante 18 horas y te puedo asegurar que hay lugares donde el Estado no llega hace 15 a\u00f1os. Conoc\u00ed una casa donde el ba\u00f1o era un pozo con pl\u00e1sticos y palos. Es muy dura la vida ah\u00ed\u201d, retrata.<\/p>\n\n\n\n<p>Andrea Morales Leanza, abogada que representa a la Uni\u00f3n de los Pueblos de la Naci\u00f3n Diaguita de Bel\u00e9n y Tinogasta, cont\u00f3 que la ministra de Salud de la provincia, Manuela \u00c1vila, le dijo que ya se hab\u00eda ordenado el traslado de la paciente desde Bel\u00e9n a San Fernando del Valle de Catamarca, \u201cpero finalmente no fue as\u00ed\u201d.<\/p>\n\n\n\n<p>\u201cEn el Hospital de Bel\u00e9n, los m\u00e9dicos no se pon\u00edan de acuerdo: uno dec\u00eda que la se\u00f1ora (Mercedes) se ten\u00eda que retirar, y otro dec\u00eda que necesitaba una atenci\u00f3n urgente\u201d, detall\u00f3. \u201cDespu\u00e9s pude comunicarme con el vicegobernador (Rub\u00e9n Dusso) y ah\u00ed se hizo la derivaci\u00f3n al hospital de Santa Mar\u00eda\u201d.<\/p>\n\n\n\n<p>Las 12 familias que habitan las precarias casitas enclavadas en el cerro tienen luz alimentada a paneles solares y utilizan agua de vertiente. Viven de la cr\u00eda de sus propios animales y, cuando necesitan aprovisionarse, bajan al pueblo en una tropilla de burros, cargan mercader\u00eda y vuelven a subir.<\/p>\n\n\n\n<p>La posta sanitaria que nadie quiere atender<\/p>\n\n\n\n<p>En Las Vallas hay una posta sanitaria, pero se encuentra inutilizada \u201cporque nadie quiere instalarse all\u00ed debido a la falta de caminos y lo dura que resulta la vida\u201d, retoma Escotorin.<\/p>\n\n\n\n<p>Como las ambulancias no pueden entrar, ante una emergencia m\u00e9dica los pobladores se ven obligados a acudir a la \u00fanica escuela del poblado. All\u00ed funciona una se\u00f1al de internet satelital que les permite comunicarse con Pozo de Piedra y pedir por una ambulancia o alg\u00fan veh\u00edculo que espere al paciente una vez que lo terminan de bajar en andas.<\/p>\n\n\n\n<p>El Programa Nacional de Salud para los Pueblos Ind\u00edgenas, creado en 2016 a trav\u00e9s de la Resoluci\u00f3n 1036-E\/2016, \u201ctiene como objetivo mejorar la cobertura de salud y las condiciones de accesibilidad al Sistema P\u00fablico de Salud de las Comunidades Ind\u00edgenas de todo el pa\u00eds desde una perspectiva intercultural\u201d, se\u00f1ala el documento oficial del Ministerio de Salud de la Naci\u00f3n.<\/p>\n\n\n\n<p>La iniciativa alcanza a una poblaci\u00f3n de 373.145 personas en todo el pa\u00eds y tiene un presupuesto anual de $131.445.000, seg\u00fan registros oficiales difundidos por T\u00e9lam a principios de mes. En Las Vallas, mientras tanto, penan por la falta de acceso a una atenci\u00f3n m\u00e9dica digna.<\/p>\n\n\n\n<p>\u201cEl mismo problema estructural que tiene Las Vallas lo padecen tambi\u00e9n las comunidades de Las Lajas, Pe\u00f1as Negras y El Tolar. Todas sufren por la falta de acceso. No hay camino\u201d, remarca Morales Leanza. TN intent\u00f3 comunicarse con autoridades locales y de la cartera sanitaria provincial, pero al cierre de esta nota no hab\u00eda obtenido respuesta.<\/p>\n","protected":false},"excerpt":{"rendered":"<p>Ocurri\u00f3 en Catamarca. Mercedes Gonz\u00e1lez, integrante de la comunidad originaria de Las Vallas, se descompens\u00f3 y debi\u00f3 ser trasladada en una angarilla improvisada por pobladores. La mujer vive junto a otras once familias en medio del cerro y la falta de caminos impide el ingreso de ambulancias. Un colch\u00f3n sujetado por dos listones de hierro, [&hellip;]<\/p>\n","protected":false},"author":2,"featured_media":44478,"comment_status":"open","ping_status":"open","sticky":false,"template":"","format":"standard","meta":{"tdm_status":"","tdm_grid_status":"","_joinchat":[],"footnotes":""},"categories":[73],"tags":[],"class_list":{"0":"post-44477","1":"post","2":"type-post","3":"status-publish","4":"format-standard","5":"has-post-thumbnail","7":"category-noticias-general"},"amp_enabled":true,"_links":{"self":[{"href":"https:\/\/www.todoeldia.com\/index.php\/wp-json\/wp\/v2\/posts\/44477","targetHints":{"allow":["GET"]}}],"collection":[{"href":"https:\/\/www.todoeldia.com\/index.php\/wp-json\/wp\/v2\/posts"}],"about":[{"href":"https:\/\/www.todoeldia.com\/index.php\/wp-json\/wp\/v2\/types\/post"}],"author":[{"embeddable":true,"href":"https:\/\/www.todoeldia.com\/index.php\/wp-json\/wp\/v2\/users\/2"}],"replies":[{"embeddable":true,"href":"https:\/\/www.todoeldia.com\/index.php\/wp-json\/wp\/v2\/comments?post=44477"}],"version-history":[{"count":2,"href":"https:\/\/www.todoeldia.com\/index.php\/wp-json\/wp\/v2\/posts\/44477\/revisions"}],"predecessor-version":[{"id":44481,"href":"https:\/\/www.todoeldia.com\/index.php\/wp-json\/wp\/v2\/posts\/44477\/revisions\/44481"}],"wp:featuredmedia":[{"embeddable":true,"href":"https:\/\/www.todoeldia.com\/index.php\/wp-json\/wp\/v2\/media\/44478"}],"wp:attachment":[{"href":"https:\/\/www.todoeldia.com\/index.php\/wp-json\/wp\/v2\/media?parent=44477"}],"wp:term":[{"taxonomy":"category","embeddable":true,"href":"https:\/\/www.todoeldia.com\/index.php\/wp-json\/wp\/v2\/categories?post=44477"},{"taxonomy":"post_tag","embeddable":true,"href":"https:\/\/www.todoeldia.com\/index.php\/wp-json\/wp\/v2\/tags?post=44477"}],"curies":[{"name":"wp","href":"https:\/\/api.w.org\/{rel}","templated":true}]}}