{"id":44488,"date":"2022-08-26T10:21:18","date_gmt":"2022-08-26T13:21:18","guid":{"rendered":"https:\/\/www.todoeldia.com\/?p=44488"},"modified":"2022-08-26T10:21:20","modified_gmt":"2022-08-26T13:21:20","slug":"fallecio-la-ciclista-atropellada-el-miercoles-en-b-san-jose","status":"publish","type":"post","link":"https:\/\/www.todoeldia.com\/index.php\/2022\/08\/26\/fallecio-la-ciclista-atropellada-el-miercoles-en-b-san-jose\/","title":{"rendered":"Falleci\u00f3 la ciclista atropellada el mi\u00e9rcoles en B\u00b0 San Jos\u00e9"},"content":{"rendered":"\n<p>El accidente se produjo el mi\u00e9rcoles al mediod\u00eda en barrio San Jos\u00e9 de esta capital cuando la ciclista fue embestido por un autom\u00f3vil.<\/p>\n\n\n\n<p>Desde ese momento una mujer de 34 a\u00f1os qued\u00f3 internada por traumatismo encefalocraneano grave pero ayer al mediod\u00eda falleci\u00f3.<\/p>\n\n\n\n<p>De esta manera son 12 las v\u00edctimas fatales por accidentes de tr\u00e1nsito en el mes de agosto.<\/p>\n","protected":false},"excerpt":{"rendered":"<p>El accidente se produjo el mi\u00e9rcoles al mediod\u00eda en barrio San Jos\u00e9 de esta capital cuando la ciclista fue embestido por un autom\u00f3vil. Desde ese momento una mujer de 34 a\u00f1os qued\u00f3 internada por traumatismo encefalocraneano grave pero ayer al mediod\u00eda falleci\u00f3. De esta manera son 12 las v\u00edctimas fatales por accidentes de tr\u00e1nsito en [&hellip;]<\/p>\n","protected":false},"author":2,"featured_media":2683,"comment_status":"open","ping_status":"open","sticky":false,"template":"","format":"standard","meta":{"tdm_status":"","tdm_grid_status":"","_joinchat":[],"footnotes":""},"categories":[63],"tags":[],"class_list":{"0":"post-44488","1":"post","2":"type-post","3":"status-publish","4":"format-standard","5":"has-post-thumbnail","7":"category-policiales"},"amp_enabled":true,"_links":{"self":[{"href":"https:\/\/www.todoeldia.com\/index.php\/wp-json\/wp\/v2\/posts\/44488","targetHints":{"allow":["GET"]}}],"collection":[{"href":"https:\/\/www.todoeldia.com\/index.php\/wp-json\/wp\/v2\/posts"}],"about":[{"href":"https:\/\/www.todoeldia.com\/index.php\/wp-json\/wp\/v2\/types\/post"}],"author":[{"embeddable":true,"href":"https:\/\/www.todoeldia.com\/index.php\/wp-json\/wp\/v2\/users\/2"}],"replies":[{"embeddable":true,"href":"https:\/\/www.todoeldia.com\/index.php\/wp-json\/wp\/v2\/comments?post=44488"}],"version-history":[{"count":1,"href":"https:\/\/www.todoeldia.com\/index.php\/wp-json\/wp\/v2\/posts\/44488\/revisions"}],"predecessor-version":[{"id":44489,"href":"https:\/\/www.todoeldia.com\/index.php\/wp-json\/wp\/v2\/posts\/44488\/revisions\/44489"}],"wp:featuredmedia":[{"embeddable":true,"href":"https:\/\/www.todoeldia.com\/index.php\/wp-json\/wp\/v2\/media\/2683"}],"wp:attachment":[{"href":"https:\/\/www.todoeldia.com\/index.php\/wp-json\/wp\/v2\/media?parent=44488"}],"wp:term":[{"taxonomy":"category","embeddable":true,"href":"https:\/\/www.todoeldia.com\/index.php\/wp-json\/wp\/v2\/categories?post=44488"},{"taxonomy":"post_tag","embeddable":true,"href":"https:\/\/www.todoeldia.com\/index.php\/wp-json\/wp\/v2\/tags?post=44488"}],"curies":[{"name":"wp","href":"https:\/\/api.w.org\/{rel}","templated":true}]}}