{"id":44548,"date":"2022-08-29T09:46:46","date_gmt":"2022-08-29T12:46:46","guid":{"rendered":"https:\/\/www.todoeldia.com\/?p=44548"},"modified":"2022-08-29T09:47:24","modified_gmt":"2022-08-29T12:47:24","slug":"despues-de-tres-atracos-detienen-a-motochorros","status":"publish","type":"post","link":"https:\/\/www.todoeldia.com\/index.php\/2022\/08\/29\/despues-de-tres-atracos-detienen-a-motochorros\/","title":{"rendered":"Se cebaron: despu\u00e9s de tres atracos detienen a motochorros"},"content":{"rendered":"\n<p>En el marco de las diversas tareas que la Polic\u00eda realiza en toda la provincia para la prevenci\u00f3n de delitos y contravenciones, motoristas de Or\u00e1n detuvieron a dos j\u00f3venes que estar\u00edan involucrados en tres il\u00edcitos.<\/p>\n\n\n\n<p>El operativo se realiz\u00f3 en la jornada de ayer, efectivos de la Secci\u00f3n Motoristas de Emergencias Policiales de Oran, fueron alertados de tres il\u00edcitos bajo la modalidad denominada \u201cmotochorros\u201d en diferentes puntos de esa ciudad.<\/p>\n\n\n\n<p>Estas personas, que se desplazaban en una motocicleta, habr\u00edan sustra\u00eddo elementos a mujeres que se desplazaban por la v\u00eda p\u00fablica.<\/p>\n\n\n\n<p>Con las caracter\u00edsticas aportadas, los motoristas realizaron un patrullaje activo por la zona logrando interceptar a los sospechosos en pasaje Roque S\u00e1enz Pe\u00f1a entre calle Eduardo Arias y Lavalle.<\/p>\n\n\n\n<p>Al momento de la demora, entre las pertenencias de los sospechosos secuestraron celulares, carteras y otros elementos que habr\u00edan sido reconocidos por las damnificadas.<\/p>\n\n\n\n<p>Estos j\u00f3venes de 21 a\u00f1os quedaron a disposici\u00f3n de la justicia.<\/p>\n","protected":false},"excerpt":{"rendered":"<p>En el marco de las diversas tareas que la Polic\u00eda realiza en toda la provincia para la prevenci\u00f3n de delitos y contravenciones, motoristas de Or\u00e1n detuvieron a dos j\u00f3venes que estar\u00edan involucrados en tres il\u00edcitos. El operativo se realiz\u00f3 en la jornada de ayer, efectivos de la Secci\u00f3n Motoristas de Emergencias Policiales de Oran, fueron [&hellip;]<\/p>\n","protected":false},"author":2,"featured_media":44549,"comment_status":"open","ping_status":"open","sticky":false,"template":"","format":"standard","meta":{"tdm_status":"","tdm_grid_status":"","_joinchat":[],"footnotes":""},"categories":[63],"tags":[],"class_list":{"0":"post-44548","1":"post","2":"type-post","3":"status-publish","4":"format-standard","5":"has-post-thumbnail","7":"category-policiales"},"amp_enabled":true,"_links":{"self":[{"href":"https:\/\/www.todoeldia.com\/index.php\/wp-json\/wp\/v2\/posts\/44548","targetHints":{"allow":["GET"]}}],"collection":[{"href":"https:\/\/www.todoeldia.com\/index.php\/wp-json\/wp\/v2\/posts"}],"about":[{"href":"https:\/\/www.todoeldia.com\/index.php\/wp-json\/wp\/v2\/types\/post"}],"author":[{"embeddable":true,"href":"https:\/\/www.todoeldia.com\/index.php\/wp-json\/wp\/v2\/users\/2"}],"replies":[{"embeddable":true,"href":"https:\/\/www.todoeldia.com\/index.php\/wp-json\/wp\/v2\/comments?post=44548"}],"version-history":[{"count":2,"href":"https:\/\/www.todoeldia.com\/index.php\/wp-json\/wp\/v2\/posts\/44548\/revisions"}],"predecessor-version":[{"id":44551,"href":"https:\/\/www.todoeldia.com\/index.php\/wp-json\/wp\/v2\/posts\/44548\/revisions\/44551"}],"wp:featuredmedia":[{"embeddable":true,"href":"https:\/\/www.todoeldia.com\/index.php\/wp-json\/wp\/v2\/media\/44549"}],"wp:attachment":[{"href":"https:\/\/www.todoeldia.com\/index.php\/wp-json\/wp\/v2\/media?parent=44548"}],"wp:term":[{"taxonomy":"category","embeddable":true,"href":"https:\/\/www.todoeldia.com\/index.php\/wp-json\/wp\/v2\/categories?post=44548"},{"taxonomy":"post_tag","embeddable":true,"href":"https:\/\/www.todoeldia.com\/index.php\/wp-json\/wp\/v2\/tags?post=44548"}],"curies":[{"name":"wp","href":"https:\/\/api.w.org\/{rel}","templated":true}]}}