{"id":44566,"date":"2022-08-29T10:53:22","date_gmt":"2022-08-29T13:53:22","guid":{"rendered":"https:\/\/www.todoeldia.com\/?p=44566"},"modified":"2022-08-29T10:53:24","modified_gmt":"2022-08-29T13:53:24","slug":"la-camiseta-alternativa-de-la-seleccion-argentina-para-el-mundial-violeta-y-con-simbolos-patrios","status":"publish","type":"post","link":"https:\/\/www.todoeldia.com\/index.php\/2022\/08\/29\/la-camiseta-alternativa-de-la-seleccion-argentina-para-el-mundial-violeta-y-con-simbolos-patrios\/","title":{"rendered":"La camiseta alternativa de la Selecci\u00f3n Argentina para el Mundial: violeta y con s\u00edmbolos patrios"},"content":{"rendered":"\n<p>Ser\u00e1 la que usar\u00e1 el equipo nacional como variante de la celeste y blanca, con vivos negros, que fue presentada en julio. Podr\u00eda ser estrenada en la gira de septiembre, antes de Qatar 2022.<\/p>\n\n\n\n<p>Era uno de los grandes misterios que todav\u00eda rondaban alrededor de la Selecci\u00f3n Argentina que ir\u00e1 al Mundial de Qatar 2022, m\u00e1s all\u00e1 de la lista de 26 jugadores que todav\u00eda deben confeccionar Lionel Scaloni y compa\u00f1\u00eda. Sin embargo, este lunes vio la luz la camiseta alternativa que usar\u00e1 el equipo nacional en la copa que obsesiona a todos los fan\u00e1ticos del f\u00fatbol y que probablemente sea estrenada en la gira que el equipo har\u00e1 en septiembre por Estados Unidos. Y lleg\u00f3 con muchas novedades y un color in\u00e9dito.<\/p>\n\n\n\n<p>Por primera vez en la historia, la casaca de la Argentina dise\u00f1ada por Adidas presenta un dise\u00f1o en tonos violetas, inspirada en la igualdad de g\u00e9nero, &#8220;una iniciativa que promueve los valores de diversidad e inclusi\u00f3n&#8221;, reza el comunicado de lanzamiento.<\/p>\n\n\n\n<p>Adem\u00e1s, la camiseta que servir\u00e1 como variante para la cl\u00e1sica celeste y blanca cuenta con elementos que refieren a la identidad nacional, con el Sol de Mayo aplicado en la parte posterior del cuello y con sus rayos reflejados en la trama de la prenda.<\/p>\n\n\n\n<p>Al igual que sucedi\u00f3 con la indumentaria titular, estrenada por el seleccionado femenino en la pasada Copa Am\u00e9rica, la casaca se lanz\u00f3 bajo el lema &#8220;El sentimiento de un pa\u00eds\u201d y es producida \u00edntegramente en el territorio nacional.<\/p>\n","protected":false},"excerpt":{"rendered":"<p>Ser\u00e1 la que usar\u00e1 el equipo nacional como variante de la celeste y blanca, con vivos negros, que fue presentada en julio. Podr\u00eda ser estrenada en la gira de septiembre, antes de Qatar 2022. Era uno de los grandes misterios que todav\u00eda rondaban alrededor de la Selecci\u00f3n Argentina que ir\u00e1 al Mundial de Qatar 2022, [&hellip;]<\/p>\n","protected":false},"author":2,"featured_media":44568,"comment_status":"open","ping_status":"open","sticky":false,"template":"","format":"standard","meta":{"tdm_status":"","tdm_grid_status":"","_joinchat":[],"footnotes":""},"categories":[62],"tags":[],"class_list":{"0":"post-44566","1":"post","2":"type-post","3":"status-publish","4":"format-standard","5":"has-post-thumbnail","7":"category-deportes"},"amp_enabled":true,"_links":{"self":[{"href":"https:\/\/www.todoeldia.com\/index.php\/wp-json\/wp\/v2\/posts\/44566","targetHints":{"allow":["GET"]}}],"collection":[{"href":"https:\/\/www.todoeldia.com\/index.php\/wp-json\/wp\/v2\/posts"}],"about":[{"href":"https:\/\/www.todoeldia.com\/index.php\/wp-json\/wp\/v2\/types\/post"}],"author":[{"embeddable":true,"href":"https:\/\/www.todoeldia.com\/index.php\/wp-json\/wp\/v2\/users\/2"}],"replies":[{"embeddable":true,"href":"https:\/\/www.todoeldia.com\/index.php\/wp-json\/wp\/v2\/comments?post=44566"}],"version-history":[{"count":1,"href":"https:\/\/www.todoeldia.com\/index.php\/wp-json\/wp\/v2\/posts\/44566\/revisions"}],"predecessor-version":[{"id":44569,"href":"https:\/\/www.todoeldia.com\/index.php\/wp-json\/wp\/v2\/posts\/44566\/revisions\/44569"}],"wp:featuredmedia":[{"embeddable":true,"href":"https:\/\/www.todoeldia.com\/index.php\/wp-json\/wp\/v2\/media\/44568"}],"wp:attachment":[{"href":"https:\/\/www.todoeldia.com\/index.php\/wp-json\/wp\/v2\/media?parent=44566"}],"wp:term":[{"taxonomy":"category","embeddable":true,"href":"https:\/\/www.todoeldia.com\/index.php\/wp-json\/wp\/v2\/categories?post=44566"},{"taxonomy":"post_tag","embeddable":true,"href":"https:\/\/www.todoeldia.com\/index.php\/wp-json\/wp\/v2\/tags?post=44566"}],"curies":[{"name":"wp","href":"https:\/\/api.w.org\/{rel}","templated":true}]}}