{"id":44605,"date":"2022-08-30T12:49:40","date_gmt":"2022-08-30T15:49:40","guid":{"rendered":"https:\/\/www.todoeldia.com\/?p=44605"},"modified":"2022-08-30T12:50:16","modified_gmt":"2022-08-30T15:50:16","slug":"trapito-golpeo-a-un-conductor-que-se-nego-a-pagarle-en-san-martin-y-esteco","status":"publish","type":"post","link":"https:\/\/www.todoeldia.com\/index.php\/2022\/08\/30\/trapito-golpeo-a-un-conductor-que-se-nego-a-pagarle-en-san-martin-y-esteco\/","title":{"rendered":"\u201ctrapito\u201d golpe\u00f3 a un conductor que se neg\u00f3 a pagarle en San Mart\u00edn y Esteco"},"content":{"rendered":"\n<p>Se acerc\u00f3 al veh\u00edculo para cobrar el estacionamiento y ante la negativa le habr\u00eda propinado varios golpes de pu\u00f1o al damnificado. Fue demorado por personal policial y se solicit\u00f3 preventiva.<\/p>\n\n\n\n<p>El fiscal penal 5, Federico Jovanovics, imput\u00f3 provisionalmente por la presunta comisi\u00f3n de los delitos de lesiones leves, amenazas y resistencia a la autoridad en concurso real, a un hombre de 26 a\u00f1os.<\/p>\n\n\n\n<p>Conforme a la denuncia radicada por el damnificado, el hecho se produjo el 27 de agosto en circunstancias en que este se aprestaba a abordar su camioneta que hab\u00eda dejado estacionada en Avenida San Mart\u00edn, pasando calle Esteco, frente a una conocida pe\u00f1a folcl\u00f3rica. En ese momento se le acerc\u00f3 un hombre que empez\u00f3 a cobrarle de manera prepotente y agresiva, neg\u00e1ndose el denunciante y expresando que no ten\u00eda para darle nada.<\/p>\n\n\n\n<p>Ante la negativa, el acusado le habr\u00eda dado un golpe de pu\u00f1o en la zona de la nariz al damnificado, en el momento en que se dispon\u00eda a descargar pertenencias de la caja de la camioneta.<\/p>\n\n\n\n<p>El denunciante empez\u00f3 a sangrar y a sentir un fuerte dolor en la dentadura, lo cual no detuvo al agresor, quien habr\u00eda continuado con los golpes, al tiempo que profer\u00eda amenazas.<\/p>\n\n\n\n<p>En ese momento intervino la esposa del damnificado para que cesara la agresi\u00f3n, qued\u00e1ndose en el lugar y alertando a personal policial sobre lo sucedido, mientras su esposo abordaba la camioneta para retirarse y as\u00ed evitar que continuara la agresi\u00f3n.<\/p>\n\n\n\n<p>El acusado quien se encontraba acompa\u00f1ado de otros hombres, fue inmediatamente demorado por efectivos de la polic\u00eda, no sin antes oponer tenaz resistencia a las \u00f3rdenes impartidas.<\/p>\n\n\n\n<p>El damnificado, un comerciante que tiene su local en el centro, manifest\u00f3 su temor, ya que todos los d\u00edas estaciona en esa arteria por razones laborales, al tiempo que afirm\u00f3 desconocer al acusado.<\/p>\n\n\n\n<p>El fiscal Federico Jovanovics solicit\u00f3 ante el Juzgado de Garant\u00edas en turno, la prisi\u00f3n preventiva, basado en el hecho de que el acusado registra condena en suspenso anterior y reciente, por lo cual en caso de recaer condena, corresponder\u00eda revocar la condicionalidad de la anterior y su acumulaci\u00f3n por los hechos atribuidos.<\/p>\n\n\n\n<p>Sostiene el pedido, basado en la peligrosidad evidenciada por el acusado dado la extrema violencia ejercida sobre la v\u00edctima, tanto f\u00edsica como verbal, se\u00f1alando que el hecho debe ser analizado a la luz del historial delictivo que registra el investigado, ya que registra causas por violencia familiar, lesiones y amenazas. \u201cUna personalidad altamente agresiva y peligrosa.\u201d<\/p>\n\n\n\n<p>El delito por el que se lo investiga al acusado conlleva una pena de 2 a\u00f1os de prisi\u00f3n, por lo que existe un claro peligro de fuga, configurando otro motivo que amerita la medida solicitada por el fiscal.<\/p>\n\n\n\n<p>Durante la audiencia de imputaci\u00f3n, el acusado se abstuvo de declarar.<\/p>\n","protected":false},"excerpt":{"rendered":"<p>Se acerc\u00f3 al veh\u00edculo para cobrar el estacionamiento y ante la negativa le habr\u00eda propinado varios golpes de pu\u00f1o al damnificado. Fue demorado por personal policial y se solicit\u00f3 preventiva. El fiscal penal 5, Federico Jovanovics, imput\u00f3 provisionalmente por la presunta comisi\u00f3n de los delitos de lesiones leves, amenazas y resistencia a la autoridad en [&hellip;]<\/p>\n","protected":false},"author":2,"featured_media":17014,"comment_status":"open","ping_status":"open","sticky":false,"template":"","format":"standard","meta":{"tdm_status":"","tdm_grid_status":"","_joinchat":[],"footnotes":""},"categories":[63],"tags":[],"class_list":{"0":"post-44605","1":"post","2":"type-post","3":"status-publish","4":"format-standard","5":"has-post-thumbnail","7":"category-policiales"},"amp_enabled":true,"_links":{"self":[{"href":"https:\/\/www.todoeldia.com\/index.php\/wp-json\/wp\/v2\/posts\/44605","targetHints":{"allow":["GET"]}}],"collection":[{"href":"https:\/\/www.todoeldia.com\/index.php\/wp-json\/wp\/v2\/posts"}],"about":[{"href":"https:\/\/www.todoeldia.com\/index.php\/wp-json\/wp\/v2\/types\/post"}],"author":[{"embeddable":true,"href":"https:\/\/www.todoeldia.com\/index.php\/wp-json\/wp\/v2\/users\/2"}],"replies":[{"embeddable":true,"href":"https:\/\/www.todoeldia.com\/index.php\/wp-json\/wp\/v2\/comments?post=44605"}],"version-history":[{"count":1,"href":"https:\/\/www.todoeldia.com\/index.php\/wp-json\/wp\/v2\/posts\/44605\/revisions"}],"predecessor-version":[{"id":44606,"href":"https:\/\/www.todoeldia.com\/index.php\/wp-json\/wp\/v2\/posts\/44605\/revisions\/44606"}],"wp:featuredmedia":[{"embeddable":true,"href":"https:\/\/www.todoeldia.com\/index.php\/wp-json\/wp\/v2\/media\/17014"}],"wp:attachment":[{"href":"https:\/\/www.todoeldia.com\/index.php\/wp-json\/wp\/v2\/media?parent=44605"}],"wp:term":[{"taxonomy":"category","embeddable":true,"href":"https:\/\/www.todoeldia.com\/index.php\/wp-json\/wp\/v2\/categories?post=44605"},{"taxonomy":"post_tag","embeddable":true,"href":"https:\/\/www.todoeldia.com\/index.php\/wp-json\/wp\/v2\/tags?post=44605"}],"curies":[{"name":"wp","href":"https:\/\/api.w.org\/{rel}","templated":true}]}}