{"id":44629,"date":"2022-08-30T14:39:28","date_gmt":"2022-08-30T17:39:28","guid":{"rendered":"https:\/\/www.todoeldia.com\/?p=44629"},"modified":"2022-08-30T14:39:30","modified_gmt":"2022-08-30T17:39:30","slug":"dos-ebrios-circulaban-en-un-automovil-con-una-pistola-amenazando-a-los-vecinos","status":"publish","type":"post","link":"https:\/\/www.todoeldia.com\/index.php\/2022\/08\/30\/dos-ebrios-circulaban-en-un-automovil-con-una-pistola-amenazando-a-los-vecinos\/","title":{"rendered":"Dos ebrios circulaban en un autom\u00f3vil con una pistola amenazando a los vecinos"},"content":{"rendered":"\n<p>En respuesta a un llamado al Sistema de Emergencias 911 que alertaba sobre dos hombres circulando en un autom\u00f3vil que amenazaban a transe\u00fantes con un arma de fuego, se procedi\u00f3 a la demora de un conductor alcoholizado y su acompa\u00f1ante, quienes portaban una r\u00e9plica de arma de fuego.<\/p>\n\n\n\n<p>Pasadas las 4 de la madrugada, en calle San Mart\u00edn y Jujuy de Colonia Santa Rosa, un llamado al Sistema de Emergencias 9-1-1 alert\u00f3 sobre dos personas a bordo de un autom\u00f3vil que esgrim\u00edan un arma de fuego amenazando a vecinos de la zona.<\/p>\n\n\n\n<p>Logrando individualizar a los posibles sospechosos, el personal constat\u00f3 que se trataba de dos hombres de 23 a\u00f1os, quienes se encontraban en aparente estado de ebriedad circulando en un autom\u00f3vil Renault Cl\u00edo color blanco.<\/p>\n\n\n\n<p>Durante el procedimiento, se constat\u00f3 que los hombres transportaban un arma de aire comprimido tipo pistola, procedi\u00e9ndose a la demora de los sospechosos y el secuestro de la r\u00e9plica de arma de fuego.<\/p>\n\n\n\n<p>Los demorados y el secuestro quedaron a disposici\u00f3n de la Fiscal\u00eda Penal Delegaci\u00f3n Colonia Santa Rosa.<\/p>\n","protected":false},"excerpt":{"rendered":"<p>En respuesta a un llamado al Sistema de Emergencias 911 que alertaba sobre dos hombres circulando en un autom\u00f3vil que amenazaban a transe\u00fantes con un arma de fuego, se procedi\u00f3 a la demora de un conductor alcoholizado y su acompa\u00f1ante, quienes portaban una r\u00e9plica de arma de fuego. Pasadas las 4 de la madrugada, en [&hellip;]<\/p>\n","protected":false},"author":2,"featured_media":44630,"comment_status":"open","ping_status":"open","sticky":false,"template":"","format":"standard","meta":{"tdm_status":"","tdm_grid_status":"","_joinchat":[],"footnotes":""},"categories":[63],"tags":[],"class_list":{"0":"post-44629","1":"post","2":"type-post","3":"status-publish","4":"format-standard","5":"has-post-thumbnail","7":"category-policiales"},"amp_enabled":true,"_links":{"self":[{"href":"https:\/\/www.todoeldia.com\/index.php\/wp-json\/wp\/v2\/posts\/44629","targetHints":{"allow":["GET"]}}],"collection":[{"href":"https:\/\/www.todoeldia.com\/index.php\/wp-json\/wp\/v2\/posts"}],"about":[{"href":"https:\/\/www.todoeldia.com\/index.php\/wp-json\/wp\/v2\/types\/post"}],"author":[{"embeddable":true,"href":"https:\/\/www.todoeldia.com\/index.php\/wp-json\/wp\/v2\/users\/2"}],"replies":[{"embeddable":true,"href":"https:\/\/www.todoeldia.com\/index.php\/wp-json\/wp\/v2\/comments?post=44629"}],"version-history":[{"count":1,"href":"https:\/\/www.todoeldia.com\/index.php\/wp-json\/wp\/v2\/posts\/44629\/revisions"}],"predecessor-version":[{"id":44631,"href":"https:\/\/www.todoeldia.com\/index.php\/wp-json\/wp\/v2\/posts\/44629\/revisions\/44631"}],"wp:featuredmedia":[{"embeddable":true,"href":"https:\/\/www.todoeldia.com\/index.php\/wp-json\/wp\/v2\/media\/44630"}],"wp:attachment":[{"href":"https:\/\/www.todoeldia.com\/index.php\/wp-json\/wp\/v2\/media?parent=44629"}],"wp:term":[{"taxonomy":"category","embeddable":true,"href":"https:\/\/www.todoeldia.com\/index.php\/wp-json\/wp\/v2\/categories?post=44629"},{"taxonomy":"post_tag","embeddable":true,"href":"https:\/\/www.todoeldia.com\/index.php\/wp-json\/wp\/v2\/tags?post=44629"}],"curies":[{"name":"wp","href":"https:\/\/api.w.org\/{rel}","templated":true}]}}