{"id":44632,"date":"2022-08-30T14:43:39","date_gmt":"2022-08-30T17:43:39","guid":{"rendered":"https:\/\/www.todoeldia.com\/?p=44632"},"modified":"2022-08-30T14:43:41","modified_gmt":"2022-08-30T17:43:41","slug":"prision-perpetua-para-el-asesino-del-kiosquero-de-ramos-mejia","status":"publish","type":"post","link":"https:\/\/www.todoeldia.com\/index.php\/2022\/08\/30\/prision-perpetua-para-el-asesino-del-kiosquero-de-ramos-mejia\/","title":{"rendered":"Prisi\u00f3n perpetua para el asesino del kiosquero de Ramos Mej\u00eda"},"content":{"rendered":"\n<p>El acusado de asesinar al kiosquero Roberto Sabo en noviembre de 2021 en la localidad bonaerense de Ramos Mej\u00eda fue condenado a la pena de prisi\u00f3n perpetua.<\/p>\n\n\n\n<p>Se trata de Leandro Su\u00e1rez, de 29 a\u00f1os, quien lleg\u00f3 al juicio imputado por los delitos de &#8220;homicidio agravado criminis causae y robo agravado por el uso de arma de fuego y por la participaci\u00f3n de un menor de edad&#8221;.<\/p>\n\n\n\n<p>El tribunal lo consider\u00f3 coautor penalmente responsable de todos los delitos acusado por la fiscal\u00eda.<\/p>\n\n\n\n<p>La palabra de la madre de la v\u00edctima<\/p>\n\n\n\n<p>&#8220;Por lo menos se hizo justicia como debe ser. Eso me consuela un poco porque la herida la tengo para siempre en mi el coraz\u00f3n&#8221;, dijo visiblemente emocionada Maia, la madre de la v\u00edctima, tras conocer la sentencia contra el asesino de su hijo.<\/p>\n\n\n\n<p>La mujer agreg\u00f3: &#8220;Lo que jam\u00e1s en mi vida hubiese pensado es que le pod\u00eda pasar esto a mi hijo. Yo dar\u00eda mi vida por mi hijo. Esto fue una injusticia, \u00e9l amaba a sus hijos, trabajaba los domingos para que sus hijos estudien y no tengan que estar en un negocio&#8221;.<\/p>\n","protected":false},"excerpt":{"rendered":"<p>El acusado de asesinar al kiosquero Roberto Sabo en noviembre de 2021 en la localidad bonaerense de Ramos Mej\u00eda fue condenado a la pena de prisi\u00f3n perpetua. Se trata de Leandro Su\u00e1rez, de 29 a\u00f1os, quien lleg\u00f3 al juicio imputado por los delitos de &#8220;homicidio agravado criminis causae y robo agravado por el uso de [&hellip;]<\/p>\n","protected":false},"author":2,"featured_media":44633,"comment_status":"open","ping_status":"open","sticky":false,"template":"","format":"standard","meta":{"tdm_status":"","tdm_grid_status":"","_joinchat":[],"footnotes":""},"categories":[63],"tags":[],"class_list":{"0":"post-44632","1":"post","2":"type-post","3":"status-publish","4":"format-standard","5":"has-post-thumbnail","7":"category-policiales"},"amp_enabled":true,"_links":{"self":[{"href":"https:\/\/www.todoeldia.com\/index.php\/wp-json\/wp\/v2\/posts\/44632","targetHints":{"allow":["GET"]}}],"collection":[{"href":"https:\/\/www.todoeldia.com\/index.php\/wp-json\/wp\/v2\/posts"}],"about":[{"href":"https:\/\/www.todoeldia.com\/index.php\/wp-json\/wp\/v2\/types\/post"}],"author":[{"embeddable":true,"href":"https:\/\/www.todoeldia.com\/index.php\/wp-json\/wp\/v2\/users\/2"}],"replies":[{"embeddable":true,"href":"https:\/\/www.todoeldia.com\/index.php\/wp-json\/wp\/v2\/comments?post=44632"}],"version-history":[{"count":1,"href":"https:\/\/www.todoeldia.com\/index.php\/wp-json\/wp\/v2\/posts\/44632\/revisions"}],"predecessor-version":[{"id":44634,"href":"https:\/\/www.todoeldia.com\/index.php\/wp-json\/wp\/v2\/posts\/44632\/revisions\/44634"}],"wp:featuredmedia":[{"embeddable":true,"href":"https:\/\/www.todoeldia.com\/index.php\/wp-json\/wp\/v2\/media\/44633"}],"wp:attachment":[{"href":"https:\/\/www.todoeldia.com\/index.php\/wp-json\/wp\/v2\/media?parent=44632"}],"wp:term":[{"taxonomy":"category","embeddable":true,"href":"https:\/\/www.todoeldia.com\/index.php\/wp-json\/wp\/v2\/categories?post=44632"},{"taxonomy":"post_tag","embeddable":true,"href":"https:\/\/www.todoeldia.com\/index.php\/wp-json\/wp\/v2\/tags?post=44632"}],"curies":[{"name":"wp","href":"https:\/\/api.w.org\/{rel}","templated":true}]}}