{"id":44895,"date":"2022-09-05T10:37:57","date_gmt":"2022-09-05T13:37:57","guid":{"rendered":"https:\/\/www.todoeldia.com\/?p=44895"},"modified":"2022-09-05T10:37:59","modified_gmt":"2022-09-05T13:37:59","slug":"alberto-fernandez-le-rechazo-la-renuncia-al-ministro-de-seguridad-anibal-fernandez","status":"publish","type":"post","link":"https:\/\/www.todoeldia.com\/index.php\/2022\/09\/05\/alberto-fernandez-le-rechazo-la-renuncia-al-ministro-de-seguridad-anibal-fernandez\/","title":{"rendered":"Alberto Fern\u00e1ndez le rechaz\u00f3 la renuncia al ministro de Seguridad An\u00edbal Fern\u00e1ndez"},"content":{"rendered":"\n<p>El funcionario hab\u00eda dicho esta ma\u00f1ana que puso su dimisi\u00f3n a disposici\u00f3n del jefe de Estado y que estaba dispuesto a irse \u201ccuando sea necesario\u201d.<\/p>\n\n\n\n<p>El presidente Alberto Fern\u00e1ndez no le acept\u00f3 la renuncia al ministro de Seguridad de la Naci\u00f3n, An\u00edbal Fern\u00e1ndez, quien la hab\u00eda puesto a disposici\u00f3n luego del ataque a la vicepresidenta Cristina Fern\u00e1ndez de Kirchner que se produjo el jueves pasado en la puerta de su departamento de Juncal y Uruguay, en el barrio de Recoleta.<\/p>\n\n\n\n<p>\u201cEl Presidente sabe que voy a colaborar corri\u00e9ndome cuando sea necesario\u201d, dijo el funcionario esta ma\u00f1ana, al llegar a las oficinas de su ministerio sobre la calle Gelly y Obes al 2200. All\u00ed asegur\u00f3 que hab\u00eda comunicado inmediatamente su postura de dar un paso al costado. Sin embargo, el primer voto de confianza se le otorg\u00f3 con su participaci\u00f3n en la reuni\u00f3n de gabinete que se hizo en la Casa Rosada el viernes por la ma\u00f1ana, que fue convocada por Juan Manzur y que tuvo al jefe de Estado sentado en la cabecera de la mesa.<\/p>\n","protected":false},"excerpt":{"rendered":"<p>El funcionario hab\u00eda dicho esta ma\u00f1ana que puso su dimisi\u00f3n a disposici\u00f3n del jefe de Estado y que estaba dispuesto a irse \u201ccuando sea necesario\u201d. El presidente Alberto Fern\u00e1ndez no le acept\u00f3 la renuncia al ministro de Seguridad de la Naci\u00f3n, An\u00edbal Fern\u00e1ndez, quien la hab\u00eda puesto a disposici\u00f3n luego del ataque a la vicepresidenta [&hellip;]<\/p>\n","protected":false},"author":2,"featured_media":44896,"comment_status":"open","ping_status":"open","sticky":false,"template":"","format":"standard","meta":{"tdm_status":"","tdm_grid_status":"","_joinchat":[],"footnotes":""},"categories":[59],"tags":[],"class_list":{"0":"post-44895","1":"post","2":"type-post","3":"status-publish","4":"format-standard","5":"has-post-thumbnail","7":"category-politica"},"amp_enabled":true,"_links":{"self":[{"href":"https:\/\/www.todoeldia.com\/index.php\/wp-json\/wp\/v2\/posts\/44895","targetHints":{"allow":["GET"]}}],"collection":[{"href":"https:\/\/www.todoeldia.com\/index.php\/wp-json\/wp\/v2\/posts"}],"about":[{"href":"https:\/\/www.todoeldia.com\/index.php\/wp-json\/wp\/v2\/types\/post"}],"author":[{"embeddable":true,"href":"https:\/\/www.todoeldia.com\/index.php\/wp-json\/wp\/v2\/users\/2"}],"replies":[{"embeddable":true,"href":"https:\/\/www.todoeldia.com\/index.php\/wp-json\/wp\/v2\/comments?post=44895"}],"version-history":[{"count":1,"href":"https:\/\/www.todoeldia.com\/index.php\/wp-json\/wp\/v2\/posts\/44895\/revisions"}],"predecessor-version":[{"id":44897,"href":"https:\/\/www.todoeldia.com\/index.php\/wp-json\/wp\/v2\/posts\/44895\/revisions\/44897"}],"wp:featuredmedia":[{"embeddable":true,"href":"https:\/\/www.todoeldia.com\/index.php\/wp-json\/wp\/v2\/media\/44896"}],"wp:attachment":[{"href":"https:\/\/www.todoeldia.com\/index.php\/wp-json\/wp\/v2\/media?parent=44895"}],"wp:term":[{"taxonomy":"category","embeddable":true,"href":"https:\/\/www.todoeldia.com\/index.php\/wp-json\/wp\/v2\/categories?post=44895"},{"taxonomy":"post_tag","embeddable":true,"href":"https:\/\/www.todoeldia.com\/index.php\/wp-json\/wp\/v2\/tags?post=44895"}],"curies":[{"name":"wp","href":"https:\/\/api.w.org\/{rel}","templated":true}]}}