{"id":44910,"date":"2022-09-05T12:23:55","date_gmt":"2022-09-05T15:23:55","guid":{"rendered":"https:\/\/www.todoeldia.com\/?p=44910"},"modified":"2022-09-05T12:23:57","modified_gmt":"2022-09-05T15:23:57","slug":"mientras-en-tucuman-hay-6-muertos-y-8-nuevos-casos-esteban-dijo-que-no-hay-legionella-en-salta","status":"publish","type":"post","link":"https:\/\/www.todoeldia.com\/index.php\/2022\/09\/05\/mientras-en-tucuman-hay-6-muertos-y-8-nuevos-casos-esteban-dijo-que-no-hay-legionella-en-salta\/","title":{"rendered":"Mientras en Tucum\u00e1n hay 6 muertos y 8 nuevos casos, Esteban dijo que no hay Legionella en Salta"},"content":{"rendered":"\n<p>Con el brote de Legionella en Tucum\u00e1n ya son 6 los muertos por la bacteria y se sumaron 8 nuevos casos.<\/p>\n\n\n\n<p>En total, el brote infeccioso en una cl\u00ednica privada provoc\u00f3 19 contagios. Hay dos internados en estado cr\u00edtico.<\/p>\n\n\n\n<p>El ministro de Salud P\u00fablica de Tucum\u00e1n, Luis Medina Ruiz, anunci\u00f3 que se decidi\u00f3 \u201cun cambio en el criterio de inclusi\u00f3n\u201d de los pacientes dentro del brote por la bacteria Legionella y por eso, confirmaron ocho nuevos casos. As\u00ed el brote infeccioso iniciado en la Cl\u00ednica Luz M\u00e9dica de Tucum\u00e1n sumar\u00eda 19 contagios en total, de los cuales 6 personas murieron.<\/p>\n\n\n\n<p>\u201cYa conociendo que se trata de una bacteria (Legionella), que no siempre causa neumon\u00eda bilateral, estamos incluyendo dentro del criterio de selecci\u00f3n a cualquier paciente, personal de salud o familiar cuidador que haya estado en agosto o haya tenido una intervenci\u00f3n quir\u00fargica en agosto en la cl\u00ednica privada (Luz M\u00e9dica) y que tenga alg\u00fan s\u00edntoma compatible, como fiebre o alg\u00fan catarro respiratorio, de distinta gravedad, no necesariamente neumon\u00eda bilateral\u201d, explic\u00f3 Medina Ruiz en una conferencia de prensa esta ma\u00f1ana.<\/p>\n\n\n\n<p>Al aplicar este nuevo criterio, se incluyeron dentro del brote ocho personas m\u00e1s: \u201cUno es paciente, dos son personal de salud y cinco son cuidadores de pacientes que estaban internados\u201d, confirm\u00f3 el ministro de Salud provincial. Todos los contagios ocurrieron en el mismo centro m\u00e9dico privado.<\/p>\n\n\n\n<p>En Salta<\/p>\n\n\n\n<p>El ministro de Salud de Salta, Juan Jos\u00e9 Esteban, manifest\u00f3 que no hay casos de Legionella en Salta y que no existe -al menos por el momento- riesgo de contagio, al tratarse de una infecci\u00f3n que se padece por contacto directo con la bacteria.<\/p>\n\n\n\n<p>La forma de transmisi\u00f3n m\u00e1s frecuente de legionella es la inhalaci\u00f3n de aerosoles generados a partir de fuentes de agua contaminadas por la bacteria, como torres de enfriamiento para aire acondicionado, sistemas de agua fr\u00eda y caliente, humidificadores e instalaciones de hidromasajes. Tambi\u00e9n, aunque mucho menos frecuente, por aspiraci\u00f3n de agua contaminada.<\/p>\n","protected":false},"excerpt":{"rendered":"<p>Con el brote de Legionella en Tucum\u00e1n ya son 6 los muertos por la bacteria y se sumaron 8 nuevos casos. En total, el brote infeccioso en una cl\u00ednica privada provoc\u00f3 19 contagios. Hay dos internados en estado cr\u00edtico. El ministro de Salud P\u00fablica de Tucum\u00e1n, Luis Medina Ruiz, anunci\u00f3 que se decidi\u00f3 \u201cun cambio [&hellip;]<\/p>\n","protected":false},"author":2,"featured_media":44911,"comment_status":"open","ping_status":"open","sticky":false,"template":"","format":"standard","meta":{"tdm_status":"","tdm_grid_status":"","_joinchat":[],"footnotes":""},"categories":[73],"tags":[],"class_list":{"0":"post-44910","1":"post","2":"type-post","3":"status-publish","4":"format-standard","5":"has-post-thumbnail","7":"category-noticias-general"},"amp_enabled":true,"_links":{"self":[{"href":"https:\/\/www.todoeldia.com\/index.php\/wp-json\/wp\/v2\/posts\/44910","targetHints":{"allow":["GET"]}}],"collection":[{"href":"https:\/\/www.todoeldia.com\/index.php\/wp-json\/wp\/v2\/posts"}],"about":[{"href":"https:\/\/www.todoeldia.com\/index.php\/wp-json\/wp\/v2\/types\/post"}],"author":[{"embeddable":true,"href":"https:\/\/www.todoeldia.com\/index.php\/wp-json\/wp\/v2\/users\/2"}],"replies":[{"embeddable":true,"href":"https:\/\/www.todoeldia.com\/index.php\/wp-json\/wp\/v2\/comments?post=44910"}],"version-history":[{"count":1,"href":"https:\/\/www.todoeldia.com\/index.php\/wp-json\/wp\/v2\/posts\/44910\/revisions"}],"predecessor-version":[{"id":44912,"href":"https:\/\/www.todoeldia.com\/index.php\/wp-json\/wp\/v2\/posts\/44910\/revisions\/44912"}],"wp:featuredmedia":[{"embeddable":true,"href":"https:\/\/www.todoeldia.com\/index.php\/wp-json\/wp\/v2\/media\/44911"}],"wp:attachment":[{"href":"https:\/\/www.todoeldia.com\/index.php\/wp-json\/wp\/v2\/media?parent=44910"}],"wp:term":[{"taxonomy":"category","embeddable":true,"href":"https:\/\/www.todoeldia.com\/index.php\/wp-json\/wp\/v2\/categories?post=44910"},{"taxonomy":"post_tag","embeddable":true,"href":"https:\/\/www.todoeldia.com\/index.php\/wp-json\/wp\/v2\/tags?post=44910"}],"curies":[{"name":"wp","href":"https:\/\/api.w.org\/{rel}","templated":true}]}}