{"id":44921,"date":"2022-09-05T19:17:17","date_gmt":"2022-09-05T22:17:17","guid":{"rendered":"https:\/\/www.todoeldia.com\/?p=44921"},"modified":"2022-09-05T19:21:30","modified_gmt":"2022-09-05T22:21:30","slug":"el-caso-de-asesinado-monges-tiene-repercusiones-en-el-ministerio-de-seguridad","status":"publish","type":"post","link":"https:\/\/www.todoeldia.com\/index.php\/2022\/09\/05\/el-caso-de-asesinado-monges-tiene-repercusiones-en-el-ministerio-de-seguridad\/","title":{"rendered":"El caso del asesinado Monges tiene repercusiones en el Ministerio de Seguridad"},"content":{"rendered":"\n<p>El recientemente asesinado Dar\u00edo Monges hab\u00eda entrado a la c\u00e1rcel de Or\u00e1n a visitar a un delincuente acusado de varios homicidios diciendo que era \u201cabogado asesor\u201d del ministerio de Seguridad.<\/p>\n\n\n\n<figure class=\"wp-block-image size-full is-resized\"><img loading=\"lazy\" decoding=\"async\" src=\"https:\/\/www.todoeldia.com\/wp-content\/uploads\/2022\/09\/dario-monges.jpg\" alt=\"\" class=\"wp-image-44888\" width=\"1074\" height=\"1094\"\/><figcaption>Dar\u00edo Monges fue encontrado en su camioneta con 5 disparos en su cabeza<\/figcaption><\/figure>\n\n\n\n<p>El hecho ocurri\u00f3 a principios de junio y para ingresar al Penal en un horario que no era de visitas se present\u00f3 ante la guardia como abogado asesor del Ministerio de Seguridad y que lo mandaba Benjam\u00edn Cruz en ese entonces secretario de Seguridad del ministerio de Abel Cornejo.<\/p>\n\n\n\n<figure class=\"wp-block-image size-large is-resized\"><img loading=\"lazy\" decoding=\"async\" src=\"https:\/\/www.todoeldia.com\/wp-content\/uploads\/2022\/09\/benjamin-cruz-1024x576.jpg\" alt=\"\" class=\"wp-image-44923\" width=\"1024\" height=\"576\" srcset=\"https:\/\/www.todoeldia.com\/wp-content\/uploads\/2022\/09\/benjamin-cruz-1024x576.jpg 1024w, https:\/\/www.todoeldia.com\/wp-content\/uploads\/2022\/09\/benjamin-cruz-300x169.jpg 300w, https:\/\/www.todoeldia.com\/wp-content\/uploads\/2022\/09\/benjamin-cruz-768x432.jpg 768w, https:\/\/www.todoeldia.com\/wp-content\/uploads\/2022\/09\/benjamin-cruz-696x392.jpg 696w, https:\/\/www.todoeldia.com\/wp-content\/uploads\/2022\/09\/benjamin-cruz-1068x601.jpg 1068w, https:\/\/www.todoeldia.com\/wp-content\/uploads\/2022\/09\/benjamin-cruz-746x420.jpg 746w, https:\/\/www.todoeldia.com\/wp-content\/uploads\/2022\/09\/benjamin-cruz.jpg 1381w\" sizes=\"auto, (max-width: 1024px) 100vw, 1024px\" \/><figcaption>Benjam\u00edn Cruz, el ex secretario de Seguridad<\/figcaption><\/figure>\n\n\n\n<p>El ministro al enterarse de la situaci\u00f3n orden\u00f3 que se inicie un sumario interno para determinar responsabilidades e inform\u00f3 al Procurador General, Pedro Garc\u00eda Castiella, para que se investigue.<\/p>\n\n\n\n<figure class=\"wp-block-image size-full is-resized\"><img loading=\"lazy\" decoding=\"async\" src=\"https:\/\/www.todoeldia.com\/wp-content\/uploads\/2021\/10\/abel-cornejo.jpg\" alt=\"\" class=\"wp-image-29244\" width=\"921\" height=\"527\" srcset=\"https:\/\/www.todoeldia.com\/wp-content\/uploads\/2021\/10\/abel-cornejo.jpg 921w, https:\/\/www.todoeldia.com\/wp-content\/uploads\/2021\/10\/abel-cornejo-300x172.jpg 300w, https:\/\/www.todoeldia.com\/wp-content\/uploads\/2021\/10\/abel-cornejo-768x439.jpg 768w, https:\/\/www.todoeldia.com\/wp-content\/uploads\/2021\/10\/abel-cornejo-696x398.jpg 696w, https:\/\/www.todoeldia.com\/wp-content\/uploads\/2021\/10\/abel-cornejo-734x420.jpg 734w\" sizes=\"auto, (max-width: 921px) 100vw, 921px\" \/><figcaption>Abel Cornejo, Ministro de Seguridad<\/figcaption><\/figure>\n\n\n\n<p>Esto pas\u00f3 el 8 de junio y 16 d\u00edas despu\u00e9s Cruz dej\u00f3 de ser secretario de Seguridad y se fue con Bettina Romero a la municipalidad como secretario de Gobierno.<\/p>\n\n\n\n<p>Dar\u00edo Monges, apareci\u00f3 muerto en su camioneta el pasado s\u00e1bado en Barrio El C\u00edrculo con 5 disparos en su cabeza, raz\u00f3n por la cual su caso est\u00e1 vinculado con un crimen mafioso y el narcotr\u00e1fico.<\/p>\n\n\n\n<p>En la c\u00e1rcel fue a visitar nada menos que a Oscar \u201ccabez\u00f3n\u201d D\u00edaz, quien esta detenido sospechado de ser el autor de varios asesinatos por encargo.<\/p>\n","protected":false},"excerpt":{"rendered":"<p>El recientemente asesinado Dar\u00edo Monges hab\u00eda entrado a la c\u00e1rcel de Or\u00e1n a visitar a un delincuente acusado de varios homicidios diciendo que era \u201cabogado asesor\u201d del ministerio de Seguridad. El hecho ocurri\u00f3 a principios de junio y para ingresar al Penal en un horario que no era de visitas se present\u00f3 ante la guardia [&hellip;]<\/p>\n","protected":false},"author":2,"featured_media":44926,"comment_status":"open","ping_status":"open","sticky":false,"template":"","format":"standard","meta":{"tdm_status":"","tdm_grid_status":"","_joinchat":[],"footnotes":""},"categories":[63],"tags":[],"class_list":{"0":"post-44921","1":"post","2":"type-post","3":"status-publish","4":"format-standard","5":"has-post-thumbnail","7":"category-policiales"},"amp_enabled":true,"_links":{"self":[{"href":"https:\/\/www.todoeldia.com\/index.php\/wp-json\/wp\/v2\/posts\/44921","targetHints":{"allow":["GET"]}}],"collection":[{"href":"https:\/\/www.todoeldia.com\/index.php\/wp-json\/wp\/v2\/posts"}],"about":[{"href":"https:\/\/www.todoeldia.com\/index.php\/wp-json\/wp\/v2\/types\/post"}],"author":[{"embeddable":true,"href":"https:\/\/www.todoeldia.com\/index.php\/wp-json\/wp\/v2\/users\/2"}],"replies":[{"embeddable":true,"href":"https:\/\/www.todoeldia.com\/index.php\/wp-json\/wp\/v2\/comments?post=44921"}],"version-history":[{"count":2,"href":"https:\/\/www.todoeldia.com\/index.php\/wp-json\/wp\/v2\/posts\/44921\/revisions"}],"predecessor-version":[{"id":44927,"href":"https:\/\/www.todoeldia.com\/index.php\/wp-json\/wp\/v2\/posts\/44921\/revisions\/44927"}],"wp:featuredmedia":[{"embeddable":true,"href":"https:\/\/www.todoeldia.com\/index.php\/wp-json\/wp\/v2\/media\/44926"}],"wp:attachment":[{"href":"https:\/\/www.todoeldia.com\/index.php\/wp-json\/wp\/v2\/media?parent=44921"}],"wp:term":[{"taxonomy":"category","embeddable":true,"href":"https:\/\/www.todoeldia.com\/index.php\/wp-json\/wp\/v2\/categories?post=44921"},{"taxonomy":"post_tag","embeddable":true,"href":"https:\/\/www.todoeldia.com\/index.php\/wp-json\/wp\/v2\/tags?post=44921"}],"curies":[{"name":"wp","href":"https:\/\/api.w.org\/{rel}","templated":true}]}}