{"id":44951,"date":"2022-09-05T20:55:30","date_gmt":"2022-09-05T23:55:30","guid":{"rendered":"https:\/\/www.todoeldia.com\/?p=44951"},"modified":"2022-09-05T20:55:31","modified_gmt":"2022-09-05T23:55:31","slug":"ruben-mendez-dijo-que-trabaja-en-su-defensa-y-que-no-sera-candidato-en-pocitos","status":"publish","type":"post","link":"https:\/\/www.todoeldia.com\/index.php\/2022\/09\/05\/ruben-mendez-dijo-que-trabaja-en-su-defensa-y-que-no-sera-candidato-en-pocitos\/","title":{"rendered":"Rub\u00e9n M\u00e9ndez dijo que trabaja en su defensa y que no ser\u00e1 candidato en Pocitos"},"content":{"rendered":"\n<p>El ex intendente municipal de Salvador Mazza, Rub\u00e9n M\u00e9ndez, declar\u00f3 que no ir\u00e1 candidato a la Intendencia de la localidad y que, en su lugar, se abocar\u00e1 a la diligencia de las acusaciones en su contra; siendo la m\u00e1s reciente la imputaci\u00f3n en la causa por enriquecimiento il\u00edcito y negociaciones incompatibles con el ejercicio de funciones p\u00fablicas, producto de allanamientos efectuados el a\u00f1o pasado. La semana pr\u00f3xima debe presentarse nuevamente en Ciudad Judicial Tartagal.<\/p>\n\n\n\n<p>Al salir de la audiencia de imputaci\u00f3n efectuada esta ma\u00f1ana en Ciudad Judicial Tartagal, M\u00e9ndez Salazar anunci\u00f3 que no se presentar\u00e1 en los comicios del pr\u00f3ximo a\u00f1o por la Intendencia de Salvador Mazza. A la cita judicial, prevista para este lunes 5 a las 9 horas, acudi\u00f3 en compa\u00f1\u00eda de su abogado defensor, Dr. Carlos S\u00e1nchez. \u201cFuimos informados sobre los resultados de los peritajes realizados y detalles de la imputaci\u00f3n\u201d, manifest\u00f3 M\u00e9ndez Salazar.<\/p>\n\n\n\n<p>Agreg\u00f3 que para la semana pr\u00f3xima tiene nueva cita en Judiciales y tras esa presentaci\u00f3n efectuar\u00e1 una declaraci\u00f3n p\u00fablica a los medios. Consultado sobre trascendidos que indicaban que Roberto Balverdi (contador y ex secretario de Hacienda durante su gesti\u00f3n municipal) ocupaba actualmente un cargo en el Gobierno de Salta, M\u00e9ndez desminti\u00f3 tales dichos y recalc\u00f3 que el ex funcionario hoy se desempe\u00f1a como contador en Aguaray, localidad en la cual aspir\u00f3 a la Intendencia en las \u00faltimas elecciones.<\/p>\n","protected":false},"excerpt":{"rendered":"<p>El ex intendente municipal de Salvador Mazza, Rub\u00e9n M\u00e9ndez, declar\u00f3 que no ir\u00e1 candidato a la Intendencia de la localidad y que, en su lugar, se abocar\u00e1 a la diligencia de las acusaciones en su contra; siendo la m\u00e1s reciente la imputaci\u00f3n en la causa por enriquecimiento il\u00edcito y negociaciones incompatibles con el ejercicio de [&hellip;]<\/p>\n","protected":false},"author":2,"featured_media":44952,"comment_status":"open","ping_status":"open","sticky":false,"template":"","format":"standard","meta":{"tdm_status":"","tdm_grid_status":"","_joinchat":[],"footnotes":""},"categories":[59],"tags":[],"class_list":{"0":"post-44951","1":"post","2":"type-post","3":"status-publish","4":"format-standard","5":"has-post-thumbnail","7":"category-politica"},"amp_enabled":true,"_links":{"self":[{"href":"https:\/\/www.todoeldia.com\/index.php\/wp-json\/wp\/v2\/posts\/44951","targetHints":{"allow":["GET"]}}],"collection":[{"href":"https:\/\/www.todoeldia.com\/index.php\/wp-json\/wp\/v2\/posts"}],"about":[{"href":"https:\/\/www.todoeldia.com\/index.php\/wp-json\/wp\/v2\/types\/post"}],"author":[{"embeddable":true,"href":"https:\/\/www.todoeldia.com\/index.php\/wp-json\/wp\/v2\/users\/2"}],"replies":[{"embeddable":true,"href":"https:\/\/www.todoeldia.com\/index.php\/wp-json\/wp\/v2\/comments?post=44951"}],"version-history":[{"count":1,"href":"https:\/\/www.todoeldia.com\/index.php\/wp-json\/wp\/v2\/posts\/44951\/revisions"}],"predecessor-version":[{"id":44953,"href":"https:\/\/www.todoeldia.com\/index.php\/wp-json\/wp\/v2\/posts\/44951\/revisions\/44953"}],"wp:featuredmedia":[{"embeddable":true,"href":"https:\/\/www.todoeldia.com\/index.php\/wp-json\/wp\/v2\/media\/44952"}],"wp:attachment":[{"href":"https:\/\/www.todoeldia.com\/index.php\/wp-json\/wp\/v2\/media?parent=44951"}],"wp:term":[{"taxonomy":"category","embeddable":true,"href":"https:\/\/www.todoeldia.com\/index.php\/wp-json\/wp\/v2\/categories?post=44951"},{"taxonomy":"post_tag","embeddable":true,"href":"https:\/\/www.todoeldia.com\/index.php\/wp-json\/wp\/v2\/tags?post=44951"}],"curies":[{"name":"wp","href":"https:\/\/api.w.org\/{rel}","templated":true}]}}