{"id":44979,"date":"2022-09-06T11:37:08","date_gmt":"2022-09-06T14:37:08","guid":{"rendered":"https:\/\/www.todoeldia.com\/?p=44979"},"modified":"2022-09-06T11:37:10","modified_gmt":"2022-09-06T14:37:10","slug":"no-hay-atentado-que-pueda-con-la-polarizacion-por-carlos-pagni","status":"publish","type":"post","link":"https:\/\/www.todoeldia.com\/index.php\/2022\/09\/06\/no-hay-atentado-que-pueda-con-la-polarizacion-por-carlos-pagni\/","title":{"rendered":"No hay atentado que pueda con la polarizaci\u00f3n. Por Carlos Pagni"},"content":{"rendered":"\n<p>Pese al ataque contra Cristina Kirchner, la confrontaci\u00f3n a\u00fan es negocio para la pol\u00edtica; la mala praxis de la custodia y los v\u00ednculos del agresor con un grupo neonazi; el inicio de la campa\u00f1a amenaza los planes de Massa.<\/p>\n\n\n\n<p>Despu\u00e9s del atentado cometido contra Cristina Kirchner, hay que observar, analizar, mirar las consecuencias y derivaciones de la potencia enorme que tiene esta inercia de polarizaci\u00f3n en la sociedad y, sobre todo, en la clase pol\u00edtica argentina. Cuando uno toma contacto con analistas de opini\u00f3n p\u00fablica, lo que te se\u00f1alan es que dar\u00eda la impresi\u00f3n de que, por lo menos en la Capital Federal -intuyo que en el interior del pa\u00eds m\u00e1s todav\u00eda-, la mayor\u00eda de la poblaci\u00f3n va por otro camino, sufre otros padecimientos y hay un nivel de angustia que hace mucho tiempo no se registraba en el pa\u00eds. Entonces, una de las preguntas que uno deber\u00eda hacerse es hasta d\u00f3nde esta forma de contradicci\u00f3n entre unos y otros, que es tan potente que ning\u00fan atentado logra conmoverla, es representativa del conjunto. O si no estamos ante una dirigencia encapsulada en su propia discusi\u00f3n. Es evidente que la polarizaci\u00f3n rinde.<\/p>\n\n\n\n<p>Hay elementos subjetivos relacionados con esta polarizaci\u00f3n que bordea y genera discursos de odio. Pero, no entra todo en la misma bolsa, hay argumentaci\u00f3n, cr\u00edticas, reproches y modulaciones de ese discurso que bordean el odio, la agresi\u00f3n ilimitada al otro.<\/p>\n\n\n\n<p>En su \u201cCanci\u00f3n de odio\u201d, Nacha Guevara planteaba que el \u201codio al odio\u201d se transforma en una masacre y expresa c\u00f3mo lo que uno cree que es \u2018el bien\u2019 termina siendo \u2018el mal\u2019. Este es el misterio del fanatismo. Se han hecho estudios en la Universidad de Harvard de psicolog\u00eda pol\u00edtica donde vos pon\u00e9s a dos dogm\u00e1ticos en contacto con ideas distintas en la suposici\u00f3n de que el contacto con la idea del otro lo va a poner en otra posici\u00f3n y los dos salen m\u00e1s radicalizados. El contacto con el otro hace que uno se convenza m\u00e1s de que uno tiene la raz\u00f3n.<\/p>\n\n\n\n<p>Hay un libro interesant\u00edsimo El tirano, del destacado cr\u00edtico literario y especialista en Shakespeare de la Universidad de Harvard Stephen Greenblatt, que habla del fanatismo y dice que el fan\u00e1tico ve tan claro lo que ve, duda tan poco de lo que ve, est\u00e1 tan aferrado a sus convicciones, que le parece que el que no lo ve necesariamente tiene que ser un perverso. Es decir, en el que piensa distinto hay siempre una descalificaci\u00f3n moral cuando vos pens\u00e1s con fanatismo. Esto es lo que lleva a estados pol\u00edticos como el que vive hoy la Argentina.<\/p>\n\n\n\n<p>En ese contexto, se produce el atentado que es tomado como insumo -con excepciones muy valiosas- por los grupos m\u00e1s radicalizados de la dirigencia pol\u00edtica. Todav\u00eda no sabemos qu\u00e9 es este ataque. Hay una especie de ansiedad por definir que viene de la angustia que produce esto que sucedi\u00f3. Uno quiere saber r\u00e1pido qu\u00e9 es, un poco para exorcizar ese mal y aliviar la perturbaci\u00f3n que genera la vulnerabilidad de alguien a quien buena parte de la sociedad, quienes la aman y quienes la detestan, consideran invulnerable, que es Cristina Kirchner. Para mucha gente, la vulnerabilidad de ella es inconcebible. La animadversi\u00f3n tambi\u00e9n infunde ese sentimiento. Es tan mala, tan maquiav\u00e9lica, tan perversa, todo lo calcula, que no la pueden matar, no le puede pasar lo que le pas\u00f3, no puede estar perdida. Estos son supuestos de mucha gente que la mira desde ese \u00e1ngulo.<\/p>\n\n\n\n<p>Ahora, de su atacante, Fernando Sabag Montiel, sabemos muy poco, solo algunas cosas que son inquietantes. Dar\u00eda la impresi\u00f3n que no es un caso de lo que se llama en la teor\u00eda de una persona que se radicaliza. Es decir, que pasan de una situaci\u00f3n cr\u00edtica respecto de algo al odio militante, que lo lleva a buscar la supresi\u00f3n del otro. Normalmente, esos fen\u00f3menos de radicalizaci\u00f3n que estudia la literatura tienen que ver con agravios que ha sentido esa gente. Estoy pensando en un caso hipot\u00e9tico, alguien que perdi\u00f3 un ser querido en un hecho muy traum\u00e1tico, muy dif\u00edcil de ser procesado emocionalmente, que lo conduce a una radicalizaci\u00f3n y sale con una ametralladora a matar gente o a buscar a quienes cree que son los responsables de ese crimen. No estamos ante un caso de esa naturaleza. Es un caso m\u00e1s parecido al del asesino del exprimer ministro japon\u00e9s Shinzo Abe o el hombre que atac\u00f3 a Ronald Reagan. Es decir, atentados cometidos por personas con afecciones psiqui\u00e1tricas.<\/p>\n\n\n\n<p>Ahora, al psiqui\u00e1trico se lo puede manipular, puede que haya alguien que lo conduzca en esa direcci\u00f3n. Cuando fue el atentado a Juan Pablo II, Mehmet Ali Agca, el turco que le dispara y lo hiere, no estaba en sus cabales, pero no sab\u00eda que hab\u00eda un aparato de inteligencia que lo estaba manipulando y que ten\u00eda que ver con fuerzas de inteligencia marxista muy enemistadas con el Papa, que estaba en una tarea sistem\u00e1tica de descomposici\u00f3n del comunismo, provenientes de Bulgaria. \u00c9l no sab\u00eda que su condici\u00f3n era insumo de una operaci\u00f3n de magnicidio. Fue un instrumento.<\/p>\n\n\n\n<p>En este caso hay datos llamativos. Sabag Montiel tiene tatuajes -como el \u201cSol Negro\u201d- de una organizaci\u00f3n que se llama Batall\u00f3n Azov, es un grupo nazi que opera en Rusia y Ucrania y tiene ramificaciones pol\u00edticas y econ\u00f3micas en la Argentina. Es m\u00e1s, ha realizado amenazas en nuestro pa\u00eds y uno de sus sponsors est\u00e1 siendo investigado en un juzgado federal por lavado de dinero. No ser\u00eda raro que en las pr\u00f3ximas horas la DAIA haga una advertencia sobre estos s\u00edmbolos, que nos pueden hacer pensar si hubo una c\u00e9lula o alguien que lo manipul\u00f3. La jueza Servini de Cubr\u00eda tiene la causa que investiga al mecenas de esta organizaci\u00f3n por lavar dinero en las Islas V\u00edrgenes.<\/p>\n\n\n\n<p>Ahora, no sabemos qu\u00e9 paso. Hay varias cosas que alimentan fantas\u00edas conspirativas. \u00bfQu\u00e9 pas\u00f3 con la custodia de Cristina Kirchner? Nadie te lo sabe explicar. Se puede decir que es todo azar o que Sabag Montiel o el que lo manejaba, si es que existe, sab\u00eda que no iba a estar ese d\u00eda el comisario Diego Carbone, jefe de la custodia. No est\u00e1 claro. Nadie la protegi\u00f3, se enter\u00f3 de que hab\u00eda habido un intento de ataque en su departamento, la dejaron seguir firmando aut\u00f3grafos. Cuando uno mira el atentado a Reagan uno ve c\u00f3mo se le tiran encima y reducen al atacante. La custodia no sirvi\u00f3 ni para sacarla a ella de la escena. Quiz\u00e1 le tienen tanto miedo que ni siquiera supieron protegerla o est\u00e1n hace tanto tiempo con ella que ya est\u00e1n rutinizados, achanchados. No la volvieron a poner en el auto, que est\u00e1 blindado, de los pocos que hay en el sector p\u00fablico. Es el que usaba Silvia Majdalani en el gobierno anterior. Se me escapa una broma: es un karaoke de tantos micr\u00f3fonos que debe tener adentro.<\/p>\n\n\n\n<p>Entonces, vemos una mala praxis llamativa en la custodia. Pero hay algo peor. Destruyeron el celular. Todo nuestro universo hoy est\u00e1 en nuestro tel\u00e9fono. Ese universo de Sabag Montiel lo hemos perdido por el mal uso de un software que es inventado para no perder informaci\u00f3n. Esto es lo curioso. Esos programas que sirven para acceder a la data de un tel\u00e9fono est\u00e1n dise\u00f1ados para seguir obteniendo informaci\u00f3n si alguien comete un error. \u00bfHay alguien hilando cabos en todo esto? S\u00ed hay alguien investigando qu\u00e9 pas\u00f3 dentro de la Polic\u00eda Federal. Obviamente, An\u00edbal Fern\u00e1ndez sale a sostener a las fuerzas y respaldarlas, que es el reflejo de todo ministro de Seguridad, sobre todo de \u00e9l, que tiene un viejo v\u00ednculo con esa fuerza. Ahora, \u00bfalguien estar\u00e1 haciendo una investigaci\u00f3n de por qu\u00e9 pas\u00f3? \u00bfTendr\u00e1n alguna explicaci\u00f3n para darnos?<\/p>\n\n\n\n<p>Las telef\u00f3nicas pueden aportar los registros de llamadas, pero en este caso desaparecieron los chats. No s\u00e9 si en alg\u00fan lugar est\u00e1n las fotos que \u00e9l conservaba, todo ese universo riqu\u00edsimo para saber qui\u00e9n es y evidentemente si alguien lo utiliz\u00f3. Esto lo tiene que decir la jueza Mar\u00eda Eugenia Capuchetti, que es hija de un comisario de la Polic\u00eda Federal y tiene una estrech\u00edsima relaci\u00f3n con esa fuerza, tanto que sus padrinos pol\u00edticos la conocen por las relaciones con su padre. Alberto Fern\u00e1ndez la llam\u00f3 para pedirle que \u201cprotejan la vida del atacante\u201d. Es cierto, de todas maneras, que \u00e9l es Presidente y ella una jueza. Y no hay que cruzar esas avenidas. Pero la cruz\u00f3. Dar\u00eda la impresi\u00f3n que el hijo del abogado que da clase en la Facultad de Derecho lo hizo con buena intenci\u00f3n. Pero no se le ocurri\u00f3 llamar a qui\u00e9n s\u00ed deb\u00eda hacerlo, que era su subordinado, el jefe de Polic\u00eda, para decirle: \u201cChe, pr\u00e9stenle atenci\u00f3n al tel\u00e9fono\u201d. Un celular que tampoco lo recogi\u00f3 la Polic\u00eda. De reducirlo al atacante se encarg\u00f3 un concejal de Presidente Per\u00f3n y un grupo de manifestantes. Es decir, estamos por lo menos ante las miserias del Estado argentino.<\/p>\n\n\n\n<p>\u00bfHubo torpezas o fue un intento de ocultar algo? En el Gobierno, por ejemplo, sobre todo cerca de Cristina Kirchner, est\u00e1n muy interesados en Cr\u00f3nica TV. Este atacante, que aparece sistem\u00e1ticamente haciendo declaraciones de Cr\u00f3nica TV con Tom\u00e1s M\u00e9ndez, \u00bfera \u00e9l el que buscaba la c\u00e1mara o alguien lo contrataba como una especie de extra para que hable en contra del Gobierno frente a las c\u00e1maras de televisi\u00f3n o los movileros del programa? \u00bfEra as\u00ed? Son preguntas que hacen en la intimidad de Cristina.<\/p>\n\n\n\n<p>Ahora adem\u00e1s aparece Brenda Uliarte, la novia de Sabag Montiel, que hace una especie de performance por Instagram -probablemente en el momento en el que ella sab\u00eda que iba a ser capturada- y comenta: \u201cLo que dijo Milei, que los pol\u00edticos no tendr\u00edan que tener m\u00e1s derecho que los civiles, es cierto. Estoy muy de acuerdo\u201d. El libertario hab\u00eda dicho algo parecido: \u201cA los corruptos hay que tratarlos igual que al com\u00fan de los ciudadanos\u201d. Pero ella usa otra palabra. Dice \u201cciviles\u201d. Es rara la palabra. Normalmente se usa en las fuerzas de seguridad. \u00bfDe d\u00f3nde viene este t\u00e9rmino que usa esta chica? Otra interrogante. Son indicios, peque\u00f1os datos que seguramente no est\u00e1n siendo tenidos en cuenta por la AFI, que ya ha dicho que \u00e9l es un lobo solitario. Sin hacerse preguntas, le podemos imputar que es casi una v\u00edctima del clima de odio que genera la Justicia. Desde esa frase del Presidente en el discurso del jueves a la noche, hay una l\u00ednea recta hasta la barbaridad que dijo el senador Jos\u00e9 Mayans: \u201cSi quieren paz social, suspendan el juicio de Vialidad\u201d.<\/p>\n\n\n\n<p>\u00bfA d\u00f3nde estamos yendo? A que es muy dif\u00edcil que haya un hecho tan traum\u00e1tico como este. Hasta se pronunci\u00f3 el secretario de Estado de Estados Unidos, Anthony Blinken. Hoy hubo una declaraci\u00f3n conjunta de los presidentes de las dos Comisiones Exteriores de ese pa\u00eds en la que repudian el atentado. Entonces, se trata de un hecho de primera magnitud a escala internacional. No necesitamos aclarar que acapar\u00f3 la tapa de todos los diarios del mundo. Pero ese acontecimiento tan dram\u00e1tico no logr\u00f3 corregir la din\u00e1mica de polarizaci\u00f3n que hay en la Argentina.<\/p>\n\n\n\n<p>Voy a mencionar un episodio hist\u00f3rico: Carlos Menem sufri\u00f3 en el mes de octubre del 93 una obstrucci\u00f3n en la car\u00f3tida y lo tuvieron que operar. En el postoperatorio recibe una visita de Ra\u00fal Alfons\u00edn. En la habitaci\u00f3n estaba Eduardo Menem, el hermano del entonces presidente. Ah\u00ed naci\u00f3 el Pacto de Olivos. Obviamente, hab\u00eda habido conversaciones previas, pero no de ellos. La primera vez que se habla de la reforma constitucional, que va a tener lugar en el a\u00f1o 94 y cuyo pacto se celebra a comienzo de noviembre del 93, va a ser en esa reuni\u00f3n. El pa\u00eds estaba dividido en dos por el intento del menemismo de avasallar la Constituci\u00f3n con un plebiscito.<\/p>\n\n\n\n<p>\u00bfQu\u00e9 es lo que pas\u00f3? Conjeturo: Alfons\u00edn ped\u00eda a gritos un acuerdo porque el menemismo arrasaba con las instituciones y el radicalismo, que efectivamente despu\u00e9s se quebr\u00f3. Hab\u00eda gobernadores que quer\u00edan acordar y otros que no. De la R\u00faa, por ejemplo, estaba en contra. Alfons\u00edn suspendi\u00f3 el nivel ac\u00e9rrimo de enemistad que ten\u00eda con Menem en ese momento, lo visit\u00f3 y se inici\u00f3 una pol\u00edtica de coordinaci\u00f3n y de acuerdo. \u00bfLa car\u00f3tida produjo el acuerdo? Tiendo a pensar que no, que hab\u00eda una vocaci\u00f3n de acuerdo que se sirvi\u00f3 de la car\u00f3tida.<\/p>\n\n\n\n<p>El 27 de octubre de 2010 muere N\u00e9stor Kirchner. Cristina Kirchner tambi\u00e9n aparece vulnerable como ahora, viuda. Se celebra un funeral de Estado, pero del Poder Ejecutivo y el oficialismo hecho en la Casa de Gobierno y no en el Congreso, y donde ella decid\u00eda qui\u00e9n pod\u00eda ir y qui\u00e9n no. Es decir que el funeral -y la oposici\u00f3n- ya daba por sentada la polarizaci\u00f3n. La muerte de Kirchner no sirvi\u00f3 para que nadie funde en ella un proceso de acuerdo, porque el negocio pol\u00edtico era la confrontaci\u00f3n.<\/p>\n\n\n\n<p>Eso es lo que est\u00e1 pasando hoy. Hay una decisi\u00f3n de acordar en determinados n\u00facleos, pero no en todos. Hubo comunicados que se firmaron en conjunto en el Senado y Diputados, pero hubo una declaraci\u00f3n que el Poder Ejecutivo quiso hacer firmar a todas las organizaciones religiosas sin \u00e9xito, porque ya el texto presum\u00eda que no quer\u00eda el consenso. Cuando se escribe un comunicado se sabe a cu\u00e1ntos incluye esa redacci\u00f3n. Es muy sencillo. Cualquier pol\u00edtico avezado o diplom\u00e1tico sabe hacerlo. Por esa v\u00eda, hubo excepciones. Los 150 pol\u00edticos que rodean a Alan Clutterbuck en RAP firmaron un comunicado. Tambi\u00e9n los j\u00f3venes que se forman en el Centro de Investigaci\u00f3n y Acci\u00f3n Social de Rodrigo Zarazaga. Y ah\u00ed hay gente de La C\u00e1mpora, el macrismo, el massismo y todas las vertientes pol\u00edticas.<\/p>\n\n\n\n<p>Pero, en general, lo que vemos es un aprovechamiento de esta circunstancia para estirar la cuerda de la confrontaci\u00f3n, porque cada partido siente que lo m\u00e1s importante es la unidad del propio grupo para constituirse en oposici\u00f3n al otro. El que quiere desmarcarse de ese juego, por ejemplo, Facundo Manes diciendo que no le parece que por una declaraci\u00f3n desafortunada haya que iniciar un juicio pol\u00edtico al Presidente, es condenado. A Manes lo respald\u00f3 su partido. Es decir, los extremos dominan cada fuerza y dirigen una confrontaci\u00f3n que los lleva a mantener la cohesi\u00f3n interna. El problema es si se gobierna de esa manera. No sabemos qu\u00e9 va a pasar con la figura pol\u00edtica de Cristina Kirchner despu\u00e9s de estos hechos. Hay quienes dicen que la percepci\u00f3n de que es una v\u00edctima le puede mejorar la imagen, como pas\u00f3 con la viudez, aunque hay que decir que no es que se victimiza, es una v\u00edctima, la quisieron matar. Puede ser. En ese momento, el salario real se estaba recuperando aceleradamente desde la crisis del 2009. Toda la econom\u00eda del 2010 estaba en recuperaci\u00f3n. Tanto que hay muchos kirchneristas a los que les ofende que se diga que en 2011 ganaron por la muerte de N\u00e9stor. \u00bfAhora pasar\u00e1 lo mismo? No sabemos.<\/p>\n\n\n\n<p>Es evidente que Cristina Kirchner se ha ratificado como la jefa del peronismo hoy. En alguna medida el PJ necesita salir del tema corrupci\u00f3n, no solamente la del gobierno kirchnerista, tambi\u00e9n la de muchos dirigentes y gobernantes de la Argentina. Si aplic\u00e1ramos el mismo patr\u00f3n que se aplica en Santa Cruz en otras provincias no encontrar\u00edamos nada parecido -es delirante, todo hecho con una sola empresa-, pero encontrar\u00edamos cosas parecidas. Entonces, mejor que sea una \u201cpersecuci\u00f3n\u201d, no un juicio justo. Ahora, eso le da a la vicepresidenta la posibilidad de ser la que organiza el partido, no sabemos si va a ser la candidata, ni ella lo sabe, pero puede decidir qui\u00e9n encabeza la boleta. Para eso, depende de la econom\u00eda. Ahora, es una pregunta que se tiene que hacer tambi\u00e9n la oposici\u00f3n. Si yo hoy fuera dirigente opositor, no estar\u00eda tan confiado en que la polarizaci\u00f3n extrema es una pol\u00edtica saludable o conveniente, porque si llego al poder, \u00bfc\u00f3mo hago para gobernar con esta Cristina fortalecida que maneja un 30% del electorado y controla una minor\u00eda homog\u00e9nea s\u00faper movilizada? \u00bfAlguien pens\u00f3 en esto? \u00bfAlguien pens\u00f3 si las reformas que requiere la Argentina no exigen alg\u00fan tipo de di\u00e1logo?<\/p>\n\n\n\n<p>Fuera de esto, tambi\u00e9n Cristina necesita para fortalecerse que la gesti\u00f3n de Massa sea relativamente exitosa. \u00c9l est\u00e1 llegando a Washington, Jorge Arg\u00fcello le arm\u00f3 una agenda muy similar a la de Batakis. El ministro de Econom\u00eda, en este momento, no va a necesitar a la consultora de Freddy Balsera, que es la que \u00e9l contrata para mantener relaciones en Estados Unidos -sobre todo para acercarse a los dem\u00f3cratas, que son los que tiene m\u00e1s lejos-. Arg\u00fcello est\u00e1 demostrando ser un gran embajador. En alguna medida, \u00e9l consigui\u00f3 los dos comunicados estadounidenses sobre el atentado contra Cristina. Le ha armado reuniones a Massa con las figuras m\u00e1s importantes del Tesoro, salvo Janet Yellen. Va a estar con David Lipton, que fue el encargado del programa que celebr\u00f3 con la Argentina en el Fondo en tiempos de Macri y hoy es el principal asesor en materia de pol\u00edtica internacional de la secretaria del Tesoro. \u00c9l le dice a Yellen qu\u00e9 pasa en la Argentina. Es importante porque ella es determinante en el Fondo. Se va a reunir tambi\u00e9n con Michael Kaplan, que est\u00e1 a cargo de las relaciones internacionales con Asia y Am\u00e9rica Latina en la Secretar\u00eda del Tesoro. Se va a reunir con la conducci\u00f3n del Fondo, con Georgieva e Ilan Goldfajn. Son reuniones que van por afuera de las que va a mantener el equipo t\u00e9cnico, que ya ten\u00eda un viaje pautado.<\/p>\n\n\n\n<p>Tambi\u00e9n se ver\u00e1 con Mauricio Claver-Carone, que es enemigo de Alberto Fern\u00e1ndez -un poco por herencia de Gustavo Beliz que ten\u00eda una gran competencia con \u00e9l por conducir el BID-. Massa llega ah\u00ed por sus amigos republicanos de ultraderecha que son b\u00e1sicamente dos cubanos: Bob Men\u00e9ndez y Marco Rubio. Claver-Carone pertenece a la misma mesa cubana. Ah\u00ed la cuesti\u00f3n es si consigue o no 800 millones de d\u00f3lares del BID para la Argentina, desembolso al que la entidad se resiste porque todav\u00eda no est\u00e1 aprobada la revisi\u00f3n de septiembre del Fondo.<\/p>\n\n\n\n<p>\u00bfC\u00f3mo llega Massa al Fondo? Haciendo cosas que el kirchnerismo jam\u00e1s so\u00f1\u00f3 en su vida que iba a hacer, corroyendo al movimiento desde adentro. Al ministro de Econom\u00eda lo bendicen desde La C\u00e1mpora -no lo bendice Cristina, pero lo tolera- y le avalan cosas que nunca le hubieran permitido a Guzm\u00e1n. Massa est\u00e1 a la derecha ortodoxa de su antecesor. Ha hecho un ajuste fiscal muy superior, renegoci\u00f3 la deuda y la posterg\u00f3, cosa que no hac\u00eda Guzm\u00e1n. Y acaba de devaluar para un sector, el campo, por un mes. Va a obtener d\u00f3lares, dicho sea de paso. Los que conocen mucho el mercado de granos dicen que hay euforia por liquidar en septiembre y se podr\u00eda pasar de 3500 millones de d\u00f3lares del mes pasado a 5000 este mes. Este d\u00f3lar de 200 pesos, que implica una gran masa de emisi\u00f3n y endeudamiento del Banco Central, tiene un efecto y le va a mejorar la situaci\u00f3n de reservas. Es un parche. Lo que liquid\u00e1s hoy, no lo liquid\u00e1s despu\u00e9s. Habr\u00e1 que ver cuando termine septiembre si no tiene que volver a estirar esta devaluaci\u00f3n hacia adelante.<\/p>\n\n\n\n<p>Todo esto resultar\u00e1, con bastante certeza, en que Massa pasar\u00e1 la revisi\u00f3n de septiembre con el FMI. Le van a garantizar el desembolso que habr\u00eda en septiembre para que siga funcionando el programa. El problema es diciembre. Ah\u00ed no sabemos. Entonces habr\u00e1 una doble revisi\u00f3n: una del Fondo y una de Cristina. En diciembre del 2020 Cristina suspendi\u00f3 una negociaci\u00f3n con el Fondo porque se neg\u00f3 tambi\u00e9n al aumento de tarifas. En diciembre empieza la campa\u00f1a. Y ac\u00e1 viene un gran dilema, si Cristina puede durante esta campa\u00f1a hacer lo que hizo durante el 2021. Porque tiene much\u00edsimos menos d\u00f3lares. En aquel momento, cuando le dijo a Guzm\u00e1n que no siga con aquel programa de ajuste, ten\u00eda 7000 millones de d\u00f3lares en el BCRA. Es una tonelada de plata comparado a la de hoy. Vamos a ver hasta d\u00f3nde llega Massa y hasta d\u00f3nde llegan con Massa. Probablemente sea m\u00e1s tolerante la gente del Fondo que Cristina.<\/p>\n\n\n\n<p>Cuesta pensar cu\u00e1l ser\u00eda el programa que lleve adelante Cristina Kirchner sin d\u00f3lares si se desprende del programa de parches, maniobras, medidas razonables y humo que lleva adelante Massa, que como me dec\u00eda un economista de la oposici\u00f3n: \u201cHace lo correcto, pero en una dimensi\u00f3n incorrecta\u201d. Esto abre otra perspectiva que hay que saber mirarla. Habr\u00e1 que ver si tiene un plan alternativo o termina por tolerar este programa.<\/p>\n","protected":false},"excerpt":{"rendered":"<p>Pese al ataque contra Cristina Kirchner, la confrontaci\u00f3n a\u00fan es negocio para la pol\u00edtica; la mala praxis de la custodia y los v\u00ednculos del agresor con un grupo neonazi; el inicio de la campa\u00f1a amenaza los planes de Massa. Despu\u00e9s del atentado cometido contra Cristina Kirchner, hay que observar, analizar, mirar las consecuencias y derivaciones [&hellip;]<\/p>\n","protected":false},"author":2,"featured_media":44980,"comment_status":"open","ping_status":"open","sticky":false,"template":"","format":"standard","meta":{"tdm_status":"","tdm_grid_status":"","_joinchat":[],"footnotes":""},"categories":[71],"tags":[],"class_list":{"0":"post-44979","1":"post","2":"type-post","3":"status-publish","4":"format-standard","5":"has-post-thumbnail","7":"category-columnistas"},"amp_enabled":true,"_links":{"self":[{"href":"https:\/\/www.todoeldia.com\/index.php\/wp-json\/wp\/v2\/posts\/44979","targetHints":{"allow":["GET"]}}],"collection":[{"href":"https:\/\/www.todoeldia.com\/index.php\/wp-json\/wp\/v2\/posts"}],"about":[{"href":"https:\/\/www.todoeldia.com\/index.php\/wp-json\/wp\/v2\/types\/post"}],"author":[{"embeddable":true,"href":"https:\/\/www.todoeldia.com\/index.php\/wp-json\/wp\/v2\/users\/2"}],"replies":[{"embeddable":true,"href":"https:\/\/www.todoeldia.com\/index.php\/wp-json\/wp\/v2\/comments?post=44979"}],"version-history":[{"count":1,"href":"https:\/\/www.todoeldia.com\/index.php\/wp-json\/wp\/v2\/posts\/44979\/revisions"}],"predecessor-version":[{"id":44981,"href":"https:\/\/www.todoeldia.com\/index.php\/wp-json\/wp\/v2\/posts\/44979\/revisions\/44981"}],"wp:featuredmedia":[{"embeddable":true,"href":"https:\/\/www.todoeldia.com\/index.php\/wp-json\/wp\/v2\/media\/44980"}],"wp:attachment":[{"href":"https:\/\/www.todoeldia.com\/index.php\/wp-json\/wp\/v2\/media?parent=44979"}],"wp:term":[{"taxonomy":"category","embeddable":true,"href":"https:\/\/www.todoeldia.com\/index.php\/wp-json\/wp\/v2\/categories?post=44979"},{"taxonomy":"post_tag","embeddable":true,"href":"https:\/\/www.todoeldia.com\/index.php\/wp-json\/wp\/v2\/tags?post=44979"}],"curies":[{"name":"wp","href":"https:\/\/api.w.org\/{rel}","templated":true}]}}