{"id":44982,"date":"2022-09-06T11:46:44","date_gmt":"2022-09-06T14:46:44","guid":{"rendered":"https:\/\/www.todoeldia.com\/?p=44982"},"modified":"2022-09-06T14:18:07","modified_gmt":"2022-09-06T17:18:07","slug":"le-fabricaron-un-enorme-parlante-al-auto-pero-era-para-llevar-46-kilos-de-cocaina","status":"publish","type":"post","link":"https:\/\/www.todoeldia.com\/index.php\/2022\/09\/06\/le-fabricaron-un-enorme-parlante-al-auto-pero-era-para-llevar-46-kilos-de-cocaina\/","title":{"rendered":"Le fabricaron un enorme parlante al auto, pero era para llevar 46 kilos de coca\u00edna"},"content":{"rendered":"\n<p>El juez federal de Garant\u00edas de Or\u00e1n, Gustavo Montoya, dio por formalizada ayer la imputaci\u00f3n penal requerida contra Braian Marcelo Barraza -miembro de la Polic\u00eda de Tucum\u00e1n- por el delito de transporte de estupefaciente agravado por haber sido cometido por un funcionario p\u00fablico encargado de la prevenci\u00f3n, en este caso, del narcotr\u00e1fico.<\/p>\n\n\n\n<p>La imputaci\u00f3n, instada por la Sede Fiscal Descentralizada de Tartagal, a cargo del fiscal federal Marcos Romero, alcanz\u00f3 tambi\u00e9n a Nelson Adri\u00e1n Moyano, quien iba junto a Barraza en el veh\u00edculo donde fue hallada la droga. En su caso, la acusaci\u00f3n fue solo por el delito de transporte de estupefacientes.<\/p>\n\n\n\n<p>Adem\u00e1s de la calificaci\u00f3n, el juez interviniente tambi\u00e9n accedi\u00f3 al pedido de prisi\u00f3n preventiva de la fiscal\u00eda para ambos acusados, como tambi\u00e9n al plazo requerido para llevar adelante la investigaci\u00f3n penal, y por \u00faltimo autoriz\u00f3 peritajes pendientes, entre ellos el an\u00e1lisis de los celulares secuestrados.<\/p>\n\n\n\n<p>Tras la identificaci\u00f3n de los imputados, ambos oriundos de Tucum\u00e1n, el fiscal inform\u00f3 que la detenci\u00f3n de los acusados se registr\u00f3 el s\u00e1bado pasado a la madrugada en el puesto de control que la Gendarmer\u00eda Nacional posee en el paraje Senda Hachada, en la ruta 34, kil\u00f3metro 1375, en el norte de la provincia de Salta.<\/p>\n\n\n\n<p>Agreg\u00f3 que el veh\u00edculo Volkswagen Vento arrib\u00f3 al puesto de control procedente de Salvador Mazza y que era conducido por Barraza, quien se identific\u00f3 como integrante de la Polic\u00eda de Tucum\u00e1n, mientras que Moyano iba en el asiento del acompa\u00f1ante.<\/p>\n\n\n\n<p>Explic\u00f3 que, al revisar la documentaci\u00f3n del rodado, los gendarmes advirtieron que la documentaci\u00f3n del veh\u00edculo no estaba en regla, pues ninguno de los dos ocupantes era el titular del rodado, que estaba registrado en el partido de Gonz\u00e1lez Cat\u00e1n, provincia de Buenos Aires.<\/p>\n\n\n\n<p>Como consecuencia del control f\u00edsico del autom\u00f3vil, la Gendarmer\u00eda advirti\u00f3 un equipo de sonido con un bafle de grandes dimensiones colocado en el ba\u00fal, el cual presentaba se\u00f1as de haber sido acondicionado recientemente, lo que despert\u00f3 las sospechas de los miembros de la fuerza de seguridad.<\/p>\n\n\n\n<p>En el ba\u00fal<\/p>\n\n\n\n<p>Bajo la direcci\u00f3n del auxiliar fiscal Rafael Lamas, se sum\u00f3 a la tarea de requisa al can antinarc\u00f3ticos \u201cLuna\u201d, que marc\u00f3 el sector donde estaba el equipo de sonido, como tambi\u00e9n el asiento trasero. Esto motiv\u00f3 el uso de un scanner, el cual tambi\u00e9n revel\u00f3 la existencia de objetos extra\u00f1os en el bafle.<\/p>\n\n\n\n<p>Al realizar la apertura, seg\u00fan el relato del fiscal Romero, se encontraron 45 paquetes de droga, que totalizaron una cantidad de 46 kilos con 680 gramos de coca\u00edna. Ello determin\u00f3 la detenci\u00f3n de Barraza y Moyano, al igual que el secuestro de sus tel\u00e9fonos celulares, entre otros elementos de inter\u00e9s.<\/p>\n\n\n\n<p>Tras la descripci\u00f3n del hecho, el representante del MPF respald\u00f3 la acusaci\u00f3n con una serie de evidencias reunidas, entre ellas prueba documental y entrevistas al personal y a testigos del procedimiento, con lo cual dio por acreditado el delito, aunque se\u00f1al\u00f3 que resta determinar de manera m\u00e1s fehaciente el rol de cada uno de los acusados.<\/p>\n\n\n\n<p><\/p>\n\n\n\n<figure class=\"wp-block-embed is-type-rich is-provider-twitter wp-block-embed-twitter\"><div class=\"wp-block-embed__wrapper\">\n<blockquote class=\"twitter-tweet\" data-width=\"550\" data-dnt=\"true\"><p lang=\"es\" dir=\"ltr\"><a href=\"https:\/\/twitter.com\/hashtag\/Salta?src=hash&amp;ref_src=twsrc%5Etfw\">#Salta<\/a><br>Acondicionaron un parlante? dentro de un auto para ocultar 46 kilos de coca\u00edna.<br>?? Mediante el uso de un esc\u00e1ner, los <a href=\"https:\/\/twitter.com\/hashtag\/gendarmes?src=hash&amp;ref_src=twsrc%5Etfw\">#gendarmes<\/a> confirmaron lo detectado por el can antinarc\u00f3ticos Luna, la cual marc\u00f3 la presencia de la droga dentro del equipo de sonido.<br>Hay dos detenidos. <a href=\"https:\/\/t.co\/8dOHQLfjJ1\">pic.twitter.com\/8dOHQLfjJ1<\/a><\/p>&mdash; Gendarmer\u00eda Nacional (@gendarmeria) <a href=\"https:\/\/twitter.com\/gendarmeria\/status\/1567141202264264706?ref_src=twsrc%5Etfw\">September 6, 2022<\/a><\/blockquote><script async src=\"https:\/\/platform.twitter.com\/widgets.js\" charset=\"utf-8\"><\/script>\n<\/div><\/figure>\n\n\n\n<p>En funci\u00f3n de ello, el fiscal Romero solicit\u00f3 la prisi\u00f3n preventiva, que fund\u00f3 en la gravedad del hecho, el riesgo de fuga y el entorpecimiento de la investigaci\u00f3n que podr\u00edan causar los imputados en libertad. Tambi\u00e9n se\u00f1al\u00f3 que, en caso de recaer condena, no ser\u00eda de ejecuci\u00f3n condicional sino efectiva.<\/p>\n\n\n\n<p>Convocados a ejercer su acto de defensa, Barraza se abstuvo de declarar y Moyano lo hizo solo para tomar distancia de la droga. Afirm\u00f3 que ambos hab\u00edan salido de Tucum\u00e1n con destino a la zona de frontera con el fin de adquirir mercader\u00eda y que, sin embargo, no hallaron nada que les llamara la atenci\u00f3n, por lo que emprendieron el regreso. Explic\u00f3 que nunca supo de la existencia de la droga.<\/p>\n\n\n\n<p>La versi\u00f3n no tuvo eco, como tampoco los pedidos de la defensa, pues el juez Montoya coincidi\u00f3 con los argumentos esgrimidos por la fiscal\u00eda.<\/p>\n\n\n\n<figure class=\"wp-block-image size-large\"><img loading=\"lazy\" decoding=\"async\" width=\"1024\" height=\"576\" src=\"https:\/\/www.todoeldia.com\/wp-content\/uploads\/2022\/09\/image-6-1024x576.png\" alt=\"\" class=\"wp-image-44984\" srcset=\"https:\/\/www.todoeldia.com\/wp-content\/uploads\/2022\/09\/image-6-1024x576.png 1024w, https:\/\/www.todoeldia.com\/wp-content\/uploads\/2022\/09\/image-6-300x169.png 300w, https:\/\/www.todoeldia.com\/wp-content\/uploads\/2022\/09\/image-6-768x432.png 768w, https:\/\/www.todoeldia.com\/wp-content\/uploads\/2022\/09\/image-6-696x392.png 696w, https:\/\/www.todoeldia.com\/wp-content\/uploads\/2022\/09\/image-6-1068x601.png 1068w, https:\/\/www.todoeldia.com\/wp-content\/uploads\/2022\/09\/image-6-747x420.png 747w, https:\/\/www.todoeldia.com\/wp-content\/uploads\/2022\/09\/image-6.png 1280w\" sizes=\"auto, (max-width: 1024px) 100vw, 1024px\" \/><\/figure>\n\n\n\n<p><\/p>\n\n\n\n<figure class=\"wp-block-image size-large\"><img loading=\"lazy\" decoding=\"async\" width=\"1024\" height=\"576\" src=\"https:\/\/www.todoeldia.com\/wp-content\/uploads\/2022\/09\/image-7-1024x576.png\" alt=\"\" class=\"wp-image-44985\" srcset=\"https:\/\/www.todoeldia.com\/wp-content\/uploads\/2022\/09\/image-7-1024x576.png 1024w, https:\/\/www.todoeldia.com\/wp-content\/uploads\/2022\/09\/image-7-300x169.png 300w, https:\/\/www.todoeldia.com\/wp-content\/uploads\/2022\/09\/image-7-768x432.png 768w, https:\/\/www.todoeldia.com\/wp-content\/uploads\/2022\/09\/image-7-696x392.png 696w, https:\/\/www.todoeldia.com\/wp-content\/uploads\/2022\/09\/image-7-1068x601.png 1068w, https:\/\/www.todoeldia.com\/wp-content\/uploads\/2022\/09\/image-7-747x420.png 747w, https:\/\/www.todoeldia.com\/wp-content\/uploads\/2022\/09\/image-7.png 1280w\" sizes=\"auto, (max-width: 1024px) 100vw, 1024px\" \/><\/figure>\n\n\n\n<p>.<\/p>\n","protected":false},"excerpt":{"rendered":"<p>El juez federal de Garant\u00edas de Or\u00e1n, Gustavo Montoya, dio por formalizada ayer la imputaci\u00f3n penal requerida contra Braian Marcelo Barraza -miembro de la Polic\u00eda de Tucum\u00e1n- por el delito de transporte de estupefaciente agravado por haber sido cometido por un funcionario p\u00fablico encargado de la prevenci\u00f3n, en este caso, del narcotr\u00e1fico. La imputaci\u00f3n, instada [&hellip;]<\/p>\n","protected":false},"author":2,"featured_media":44983,"comment_status":"open","ping_status":"open","sticky":false,"template":"","format":"standard","meta":{"tdm_status":"","tdm_grid_status":"","_joinchat":[],"footnotes":""},"categories":[63],"tags":[],"class_list":{"0":"post-44982","1":"post","2":"type-post","3":"status-publish","4":"format-standard","5":"has-post-thumbnail","7":"category-policiales"},"amp_enabled":true,"_links":{"self":[{"href":"https:\/\/www.todoeldia.com\/index.php\/wp-json\/wp\/v2\/posts\/44982","targetHints":{"allow":["GET"]}}],"collection":[{"href":"https:\/\/www.todoeldia.com\/index.php\/wp-json\/wp\/v2\/posts"}],"about":[{"href":"https:\/\/www.todoeldia.com\/index.php\/wp-json\/wp\/v2\/types\/post"}],"author":[{"embeddable":true,"href":"https:\/\/www.todoeldia.com\/index.php\/wp-json\/wp\/v2\/users\/2"}],"replies":[{"embeddable":true,"href":"https:\/\/www.todoeldia.com\/index.php\/wp-json\/wp\/v2\/comments?post=44982"}],"version-history":[{"count":2,"href":"https:\/\/www.todoeldia.com\/index.php\/wp-json\/wp\/v2\/posts\/44982\/revisions"}],"predecessor-version":[{"id":45012,"href":"https:\/\/www.todoeldia.com\/index.php\/wp-json\/wp\/v2\/posts\/44982\/revisions\/45012"}],"wp:featuredmedia":[{"embeddable":true,"href":"https:\/\/www.todoeldia.com\/index.php\/wp-json\/wp\/v2\/media\/44983"}],"wp:attachment":[{"href":"https:\/\/www.todoeldia.com\/index.php\/wp-json\/wp\/v2\/media?parent=44982"}],"wp:term":[{"taxonomy":"category","embeddable":true,"href":"https:\/\/www.todoeldia.com\/index.php\/wp-json\/wp\/v2\/categories?post=44982"},{"taxonomy":"post_tag","embeddable":true,"href":"https:\/\/www.todoeldia.com\/index.php\/wp-json\/wp\/v2\/tags?post=44982"}],"curies":[{"name":"wp","href":"https:\/\/api.w.org\/{rel}","templated":true}]}}