{"id":44987,"date":"2022-09-06T12:00:20","date_gmt":"2022-09-06T15:00:20","guid":{"rendered":"https:\/\/www.todoeldia.com\/?p=44987"},"modified":"2022-09-06T12:00:21","modified_gmt":"2022-09-06T15:00:21","slug":"sin-saenz-la-liga-de-gobernadores-del-pj-se-reunio-y-pidio-trabajar-por-una-cultura-del-encuentro","status":"publish","type":"post","link":"https:\/\/www.todoeldia.com\/index.php\/2022\/09\/06\/sin-saenz-la-liga-de-gobernadores-del-pj-se-reunio-y-pidio-trabajar-por-una-cultura-del-encuentro\/","title":{"rendered":"Sin S\u00e1enz la liga de gobernadores del PJ se reuni\u00f3 y pidi\u00f3 trabajar por &#8220;una cultura del encuentro&#8221;"},"content":{"rendered":"\n<p>Tambi\u00e9n reclamaron una reforma de la Corte Suprema y un Presupuesto 2023 que garantice las obras para sus provincias.<\/p>\n\n\n\n<p>La Liga de gobernadores peronistas se reuni\u00f3 hoy en la sede del Consejo Federal de Inversiones (CFI) para continuar analizando lo sucedido en torno al ataque contra la vicepresidenta Cristina Kirchner y plantearon la necesidad de &#8220;contribuir hermanados a un clima de pacificaci\u00f3n nacional&#8221;.<\/p>\n\n\n\n<p>Asistieron de manera presencial Axel Kicillof (Buenos Aires), Jorge Capitanich (Chaco), Sergio U\u00f1ac (San Juan), Gerardo Zamora (Santiago del Estero) y el vicegobernador de Catamarca, Rub\u00e9n Dusso, en representaci\u00f3n de Ra\u00fal Jalil. En tanto que por Zoom participaron Alicia Kirchner (Santa Cruz), Sergio Ziliotto (La Pampa), Ricardo Quintela (La Rioja), Mariano Arcioni (Chubut), Gildo Insfran (Formosa) y Gustavo Melella (Tierra del Fuego, como tambi\u00e9n la Legislatura de Tucum\u00e1n.<\/p>\n\n\n\n<p>&#8220;Recomendamos al Se\u00f1or Presidente de la Rep\u00fablica Dr. Alberto Fern\u00e1ndez la convocatoria de una Comisi\u00f3n por la Paz y la No Violencia integrada por las distintas expresiones religiosas junto a personalidades notables de diferentes procedencias del pa\u00eds, a los efectos de elevar una serie de recomendaciones que deben ser las reglas sustanciales para la construcci\u00f3n de una cultura del encuentro en el pa\u00eds&#8221;, sostuvieron en un comunicado.<\/p>\n\n\n\n<p>Durante el encuentro, los gobernadores peronistas insistieron en &#8220;la necesidad de avanzar en la reforma de la Corte Suprema de Justicia de la Naci\u00f3n promoviendo una integraci\u00f3n federal con paridad de g\u00e9nero&#8221;.<\/p>\n\n\n\n<p>&#8220;Al mismo tiempo, nos preocupa su indiferencia respecto a nuestra petici\u00f3n de incluir a las provincias que reclamamos ser amicus curiae ante el conflicto suscitado por la distribuci\u00f3n de recursos coparticipables con la Ciudad Aut\u00f3noma de Buenos Aires&#8221;, se\u00f1alaron.<\/p>\n\n\n\n<p>Adem\u00e1s, &#8220;en la agenda de gesti\u00f3n permanente&#8221; consideraron necesario &#8220;lograr los consensos necesarios para federalizar el Presupuesto 2023 con el objeto de garantizar la continuidad de las obras p\u00fablicas en nuestras provincias, sostener el crecimiento de la econom\u00eda y promover la recuperaci\u00f3n del salario real&#8221;.<\/p>\n","protected":false},"excerpt":{"rendered":"<p>Tambi\u00e9n reclamaron una reforma de la Corte Suprema y un Presupuesto 2023 que garantice las obras para sus provincias. La Liga de gobernadores peronistas se reuni\u00f3 hoy en la sede del Consejo Federal de Inversiones (CFI) para continuar analizando lo sucedido en torno al ataque contra la vicepresidenta Cristina Kirchner y plantearon la necesidad de [&hellip;]<\/p>\n","protected":false},"author":2,"featured_media":44988,"comment_status":"open","ping_status":"open","sticky":false,"template":"","format":"standard","meta":{"tdm_status":"","tdm_grid_status":"","_joinchat":[],"footnotes":""},"categories":[59],"tags":[],"class_list":{"0":"post-44987","1":"post","2":"type-post","3":"status-publish","4":"format-standard","5":"has-post-thumbnail","7":"category-politica"},"amp_enabled":true,"_links":{"self":[{"href":"https:\/\/www.todoeldia.com\/index.php\/wp-json\/wp\/v2\/posts\/44987","targetHints":{"allow":["GET"]}}],"collection":[{"href":"https:\/\/www.todoeldia.com\/index.php\/wp-json\/wp\/v2\/posts"}],"about":[{"href":"https:\/\/www.todoeldia.com\/index.php\/wp-json\/wp\/v2\/types\/post"}],"author":[{"embeddable":true,"href":"https:\/\/www.todoeldia.com\/index.php\/wp-json\/wp\/v2\/users\/2"}],"replies":[{"embeddable":true,"href":"https:\/\/www.todoeldia.com\/index.php\/wp-json\/wp\/v2\/comments?post=44987"}],"version-history":[{"count":1,"href":"https:\/\/www.todoeldia.com\/index.php\/wp-json\/wp\/v2\/posts\/44987\/revisions"}],"predecessor-version":[{"id":44989,"href":"https:\/\/www.todoeldia.com\/index.php\/wp-json\/wp\/v2\/posts\/44987\/revisions\/44989"}],"wp:featuredmedia":[{"embeddable":true,"href":"https:\/\/www.todoeldia.com\/index.php\/wp-json\/wp\/v2\/media\/44988"}],"wp:attachment":[{"href":"https:\/\/www.todoeldia.com\/index.php\/wp-json\/wp\/v2\/media?parent=44987"}],"wp:term":[{"taxonomy":"category","embeddable":true,"href":"https:\/\/www.todoeldia.com\/index.php\/wp-json\/wp\/v2\/categories?post=44987"},{"taxonomy":"post_tag","embeddable":true,"href":"https:\/\/www.todoeldia.com\/index.php\/wp-json\/wp\/v2\/tags?post=44987"}],"curies":[{"name":"wp","href":"https:\/\/api.w.org\/{rel}","templated":true}]}}