{"id":4537,"date":"2020-09-02T10:58:21","date_gmt":"2020-09-02T13:58:21","guid":{"rendered":"https:\/\/www.todoeldia.com\/?p=4537"},"modified":"2020-09-02T10:58:22","modified_gmt":"2020-09-02T13:58:22","slug":"sergio-massa-entre-dos-comisarios-por-joaquin-morales-sola","status":"publish","type":"post","link":"https:\/\/www.todoeldia.com\/index.php\/2020\/09\/02\/sergio-massa-entre-dos-comisarios-por-joaquin-morales-sola\/","title":{"rendered":"Sergio Massa, entre dos comisarios. Por Joaqu\u00edn Morales Sol\u00e1"},"content":{"rendered":"\n<p>Ayer, cuando se estaba por cumplir un mes sin di\u00e1logo (ni presencial ni telem\u00e1tico ni telef\u00f3nico) con la oposici\u00f3n de&nbsp;Cambiemos,&nbsp;Sergio Massa&nbsp;decidi\u00f3 convocar a los jefes de los bloques. En rigor, hab\u00eda tomado antes&nbsp;<a href=\"https:\/\/www.lanacion.com.ar\/politica\/tension-diputados-massa-jefes-juntos-cambio-definen-nid2437610\">la decisi\u00f3n de prorrogar por su cuenta y orden un protocolo para las reuniones de los diputados,<\/a>&nbsp;que estaba vencido, y convocar a una sesi\u00f3n especial para tratar temas que no son pol\u00e9micos. La principal oposici\u00f3n, que es la de Cambiemos y que re\u00fane a 116 diputados, sospecha que ese modo es una simple exploraci\u00f3n para tratar despu\u00e9s de la misma manera, a la distancia y sin un conteo pulcro del n\u00famero de diputados,&nbsp;la reforma judicial,&nbsp;la modificaci\u00f3n de la f\u00f3rmula para actualizar las jubilaciones&nbsp;y el&nbsp;presupuesto de 2021.&nbsp;&#8220;Han pasado casi 30 d\u00edas sin hablarnos y sin hablarme habiendo vencido el protocolo para las sesiones telem\u00e1ticas&#8221;, le reproch\u00f3 ayer a Massa en la cara el jefe del bloque de&nbsp;Juntos por el Cambio, Mario Negri.<\/p>\n\n\n\n<p>\u00bfNostalgias de los tiempos de Emilio Monz\u00f3?&nbsp;Monz\u00f3 era un \u00e1rbitro respetuoso y pluralista&nbsp;de la C\u00e1mara, a quien todos los bloques eligieron y elogiaron y a quien todos tambi\u00e9n despidieron con un aplauso un\u00e1nime. La nostalgia es peor para Massa. Extra\u00f1an a&nbsp;Alberto Balestrini&nbsp;y a&nbsp;Juli\u00e1n Dom\u00ednguez,&nbsp;que fueron presidente de Diputados en las gestiones de&nbsp;N\u00e9stor y Cristina Kirchner,&nbsp;respectivamente. Por extra\u00f1ar, hasta extra\u00f1an a Alberto Pierri, que fue titular del cuerpo durante el gobierno de&nbsp;Carlos Menem,&nbsp;o a&nbsp;Rafael Pascual,&nbsp;que ocup\u00f3 ese cargo en la breve gesti\u00f3n de&nbsp;Fernando de la R\u00faa.&nbsp;La tradici\u00f3n indica que el presidente de la C\u00e1mara de Diputados, un cuerpo siempre fragmentado en muchos bloques y dif\u00edcil para construir mayor\u00edas, suele ser un pol\u00edtico consensual que trata de comprender los intereses de todos. Sus antecesores conservaron el di\u00e1logo permanente, al menos, con los bloques opositores, aunque todos entendieron tambi\u00e9n que el presidente de los diputados es siempre un oficialista que trabaja para que se aprueben los proyectos de su gobierno.&nbsp;Es el cuidado de las formas, imprescindibles en un sistema democr\u00e1tico.&nbsp;Habr\u00eda que remontarse a d\u00e9cadas atr\u00e1s para encontrar un jefe de la C\u00e1mara baja que haya decidido ningunear a los opositores como lo est\u00e1 haciendo Massa. &#8220;Es el primer presidente de la C\u00e1mara que no es un \u00e1rbitro, sino un barrabrava&#8221;, se\u00f1ala un veterano diputado, hoy opositor.<\/p>\n\n\n\n<p><a href=\"https:\/\/www.lanacion.com.ar\/politica\/tension-diputados-massa-sumo-apoyo-del-gremio-nid2436628\">Tensi\u00f3n en Diputados: Sergio Massa sum\u00f3 al gremio legislativo para impedir la sesi\u00f3n presencial de Juntos por el Cambio<\/a><\/p>\n\n\n\n<p>Es cierto que resulta dif\u00edcil para Massa cumplir con los ritos amables de la pol\u00edtica si quiere llevarse m\u00e1s que bien con M\u00e1ximo Kirchner, el &#8220;comisario de abajo&#8221; como lo llaman algunos diputados, y con Cristina Kirchner (la &#8220;comisaria de arriba&#8221;). No hay nada que Massa valore m\u00e1s ahora que la relaci\u00f3n pol\u00edtica con M\u00e1ximo Kirchner, tal vez porque cree que el delf\u00edn tendr\u00e1 los mismos l\u00edmites electorales que su madre y que \u00e9l cumplir\u00e1 el papel que est\u00e1 desempe\u00f1ando Alberto Fern\u00e1ndez. Es decir, quiere ser el presidente de la Naci\u00f3n en nombre de otro Kirchner.&nbsp;La reforma judicial es el gran obst\u00e1culo para ese objetivo,&nbsp;porque es el encargado de llevarle al Gobierno (incluidos los Kirchner, madre e hijo) la mala nueva: por ahora, no hay votos para aprobarla. Por ahora, siempre. Incluso Negri suele responder a la pregunta sobre si la reforma judicial ser\u00e1 aprobada con una f\u00f3rmula relativa: &#8220;No, si se votara hoy&#8221;, dice como quien abre un paraguas antes de que caiga la lluvia. Todos saben que la C\u00e1mara de Diputados ha sido un escenario hist\u00f3rico de travestismo pol\u00edtico.<\/p>\n\n\n\n<p>El problema para la aprobaci\u00f3n de la reforma no es Massa, sino la reforma en s\u00ed y, encima, las arbitrariedades que cometi\u00f3 la vicepresidenta en el Senado. Las modificaciones al proyecto original, que significan elevar el gasto de la reforma de 3000 millones de pesos a 10.000 millones, fueron notificadas en los \u00faltimos 20 minutos de la reuni\u00f3n senatorial y sin aviso previo a la oposici\u00f3n. &#8220;Un bochorno que no podemos explicar&#8221;, califica un diputado del propio peronismo. Los senadores hipercristinistas repart\u00edan poco antes de la votaci\u00f3n cargos de camaristas y de jueces federales en el interior como si hubieran levantado un enorme \u00e1rbol de Navidad. La pol\u00edtica se reparte cargos judiciales desde los tiempos inaugurales de la democracia, pero esas cosas se hac\u00edan entre los bastidores del espect\u00e1culo, no en el teatro de la pol\u00edtica. Las formas, otra vez.<\/p>\n\n\n\n<p><a href=\"https:\/\/www.lanacion.com.ar\/politica\/reforma-judicial-juntos-cambio-desafia-sergio-massa-nid2436024\">Reforma judicial: Juntos por el Cambio desaf\u00eda a Sergio Massa con una sesi\u00f3n presencial en Diputados<\/a><\/p>\n\n\n\n<p>Es hora de que el Congreso vuelva a sesionar con senadores y diputados presentes y que los legisladores del interior puedan trasladarse libremente a la Capital. El absurdo es un territorio demasiado vasto en el pa\u00eds. Los legisladores de algunas provincias deben cumplir cuarentena cuando vuelven, obligaci\u00f3n que no tienen los gobernadores cuando acuden a los llamados del gobierno central. En el sistema feudal, la ley est\u00e1 hecha como un instrumento de poder del que gobierna, aunque el que manda est\u00e1 exento de cumplirla.<\/p>\n\n\n\n<p>\u00bfC\u00f3mo retomar las sesiones cl\u00e1sicas sin correr el riesgo de los contagios, que existen ahora m\u00e1s que nunca? Los senadores, que son 72, podr\u00edan reunirse en el recinto de la C\u00e1mara de Diputados, que tiene bancas para 257 legisladores. Los diputados deber\u00edan encontrar un lugar m\u00e1s amplio (algunos propusieron el Centro Cultural Kirchner) para preservar las distancias necesarias. La obligaci\u00f3n del tapaboca deber\u00eda ser permanente mientras dure la sesi\u00f3n. Tambi\u00e9n ser\u00eda necesaria una reorganizaci\u00f3n del trabajo del personal del Congreso para evitar los contagios. Es estrafalario, sin embargo, que sea el sindicato de empleados parlamentarios el que se\u00f1ale cu\u00e1ndo se sesiona y cu\u00e1ndo no. Esas son las tretas de Massa, que cuenta entre sus amigos con los dirigentes del sindicato.<\/p>\n\n\n\n<p><a href=\"https:\/\/www.lanacion.com.ar\/politica\/sergio-massa-toma-tierras-el-estado-tiene-nid2435988\">Sergio Massa, sobre la toma de tierras: &#8220;El Estado tiene que hacer cumplir la ley y desalojar&#8221;<\/a><\/p>\n\n\n\n<p>La realidad no solo embraveci\u00f3 en el Congreso. Los funcionarios del Gobierno discuten entre ellos qu\u00e9 hacer con las tomas de tierras, que se multiplicaron. Los epicentros est\u00e1n en el cord\u00f3n que rodea a la Capital y en algunos lugares de la Patagonia, como Villa Mascardi y El Bols\u00f3n. Villa Mascardi es una cuesti\u00f3n familiar de 15 personas que dicen ser de la comunidad mapuche. En El Bols\u00f3n y el conurbano se argumentan razones de necesidades sociales b\u00e1sicas para perpetrar las ocupaciones de terrenos que son ajenos, del Estado o de privados. El intendente de El Bols\u00f3n se\u00f1al\u00f3 que las tierras ocupadas ya est\u00e1n siendo vendidas por sus circunstanciales ocupantes. La necesidad es, en todo caso, otra. La discusi\u00f3n entre funcionarios, mientras el tiempo pasa, se refiere a si las tomas son delitos o si son reivindicaciones propias de gente necesitada. Axel Kicillof, gobernador de Buenos Aires, se\u00f1al\u00f3 que tiene que haber una respuesta del Estado a las necesidades sociales. Pero es \u00e9l quien est\u00e1 a cargo del Estado. Su \u00faltimo descubrimiento es que la carencia de viviendas es resultado de la gesti\u00f3n de Cambiemos. Todas las desgracias nacionales sucedieron en apenas cuatro a\u00f1os. No hay culpas ni responsabilidades para los diez a\u00f1os anteriores en poder de los dos Kirchner. Pero su ministro de Seguridad, Sergio Berni, considera que las tomas son un delito y que las tierras ocupadas deben ser desalojadas. La ministra de Seguridad, Sabina Frederic, sostiene la tesis de Kicillof: son necesidades sociales, no delitos. Frederic tiene la cabeza en el cielo y Berni tiene los pies en la tierra. Es el eterno juego entre ellos. La Justicia parece esperar que la pol\u00edtica se ponga de acuerdo.<\/p>\n\n\n\n<p>El Presidente no se pronunci\u00f3 ni sobre el esc\u00e1ndalo en el Congreso ni sobre la toma de tierras. O lo hizo a su manera. \u00bfQu\u00e9 fue el relato de su &#8220;culpa&#8221; por la bella Capital si no la aceptaci\u00f3n de que no hay inter\u00e9s (tal vez no lo hubo nunca) de acercarse a la oposici\u00f3n? \u00bfHabr\u00eda dicho lo mismo si la Capital estuviera gobernada por peronistas? Seguramente, no. La pol\u00edtica predica la necesidad de negociaciones y acuerdos (que son necesarios) sin tener en cuenta el car\u00e1cter de los protagonistas. Alberto Fern\u00e1ndez ha cambiado su inicial propuesta de di\u00e1logo para terminar con la grieta por una posici\u00f3n abiertamente hostil hacia la oposici\u00f3n. Sergio Massa puede modificar radicalmente sus decisiones con la aparici\u00f3n de una necesidad personal o con la pr\u00f3xima encuesta. Cristina Kirchner no confunde nunca: simplemente no quiere ni ver a un opositor. Mucho menos hablarle.<\/p>\n\n\n\n<p>Por:&nbsp;<a href=\"https:\/\/www.lanacion.com.ar\/autor\/joaquin-morales-sola-51\">Joaqu\u00edn Morales Sol\u00e1<\/a><\/p>\n","protected":false},"excerpt":{"rendered":"<p>Ayer, cuando se estaba por cumplir un mes sin di\u00e1logo (ni presencial ni telem\u00e1tico ni telef\u00f3nico) con la oposici\u00f3n de&nbsp;Cambiemos,&nbsp;Sergio Massa&nbsp;decidi\u00f3 convocar a los jefes de los bloques. En rigor, hab\u00eda tomado antes&nbsp;la decisi\u00f3n de prorrogar por su cuenta y orden un protocolo para las reuniones de los diputados,&nbsp;que estaba vencido, y convocar a una [&hellip;]<\/p>\n","protected":false},"author":2,"featured_media":4538,"comment_status":"open","ping_status":"open","sticky":false,"template":"","format":"standard","meta":{"tdm_status":"","tdm_grid_status":"","_joinchat":[],"footnotes":""},"categories":[71],"tags":[],"class_list":{"0":"post-4537","1":"post","2":"type-post","3":"status-publish","4":"format-standard","5":"has-post-thumbnail","7":"category-columnistas"},"amp_enabled":true,"_links":{"self":[{"href":"https:\/\/www.todoeldia.com\/index.php\/wp-json\/wp\/v2\/posts\/4537","targetHints":{"allow":["GET"]}}],"collection":[{"href":"https:\/\/www.todoeldia.com\/index.php\/wp-json\/wp\/v2\/posts"}],"about":[{"href":"https:\/\/www.todoeldia.com\/index.php\/wp-json\/wp\/v2\/types\/post"}],"author":[{"embeddable":true,"href":"https:\/\/www.todoeldia.com\/index.php\/wp-json\/wp\/v2\/users\/2"}],"replies":[{"embeddable":true,"href":"https:\/\/www.todoeldia.com\/index.php\/wp-json\/wp\/v2\/comments?post=4537"}],"version-history":[{"count":1,"href":"https:\/\/www.todoeldia.com\/index.php\/wp-json\/wp\/v2\/posts\/4537\/revisions"}],"predecessor-version":[{"id":4539,"href":"https:\/\/www.todoeldia.com\/index.php\/wp-json\/wp\/v2\/posts\/4537\/revisions\/4539"}],"wp:featuredmedia":[{"embeddable":true,"href":"https:\/\/www.todoeldia.com\/index.php\/wp-json\/wp\/v2\/media\/4538"}],"wp:attachment":[{"href":"https:\/\/www.todoeldia.com\/index.php\/wp-json\/wp\/v2\/media?parent=4537"}],"wp:term":[{"taxonomy":"category","embeddable":true,"href":"https:\/\/www.todoeldia.com\/index.php\/wp-json\/wp\/v2\/categories?post=4537"},{"taxonomy":"post_tag","embeddable":true,"href":"https:\/\/www.todoeldia.com\/index.php\/wp-json\/wp\/v2\/tags?post=4537"}],"curies":[{"name":"wp","href":"https:\/\/api.w.org\/{rel}","templated":true}]}}