{"id":4540,"date":"2020-09-02T13:12:35","date_gmt":"2020-09-02T16:12:35","guid":{"rendered":"https:\/\/www.todoeldia.com\/?p=4540"},"modified":"2020-09-02T13:12:36","modified_gmt":"2020-09-02T16:12:36","slug":"la-jueza-confirmo-que-los-restos-hallados-son-del-joven-facundo-astudillo","status":"publish","type":"post","link":"https:\/\/www.todoeldia.com\/index.php\/2020\/09\/02\/la-jueza-confirmo-que-los-restos-hallados-son-del-joven-facundo-astudillo\/","title":{"rendered":"La jueza confirm\u00f3 que los restos hallados son del joven Facundo Astudillo"},"content":{"rendered":"\n<p>La jueza federal Mar\u00eda Gabriela Marr\u00f3n anunci\u00f3 este mediod\u00eda que el cuerpo encontrado en la localidad bonaerense de General Daniel Cerri pertenece al chico desaparecido tras haber sido detenido el 30 de abril.<\/p>\n\n\n\n<p>La jueza federal&nbsp;Mar\u00eda Gabriela Marr\u00f3n confirm\u00f3 este mediod\u00eda que el cuerpo encontrado en la localidad bonaerense de General Daniel Cerri pertenece al joven Facundo Astudillo Castro, desaparecido el 30 de abril&nbsp;\u00faltimo, seg\u00fan inform\u00f3 la Comisi\u00f3n Provincial por la Memoria (CPM).<\/p>\n\n\n\n<p>&#8220;Las querellas de Cristina Castro informan que en la audiencia realizada de manera remota la jueza federal Mar\u00eda Gabriela Marr\u00f3n confirm\u00f3 que, seg\u00fan el cotejo de ADN realizado por el Equipo Argentino de Antropolog\u00eda Forense (EAAF), los restos encontrados el 15 de agosto corresponden a Facundo Astudillo Castro&#8221;, seg\u00fan informaron en un comunicado oficial difundido a trav\u00e9s de las redes sociales de la CPM.<\/p>\n","protected":false},"excerpt":{"rendered":"<p>La jueza federal Mar\u00eda Gabriela Marr\u00f3n anunci\u00f3 este mediod\u00eda que el cuerpo encontrado en la localidad bonaerense de General Daniel Cerri pertenece al chico desaparecido tras haber sido detenido el 30 de abril. La jueza federal&nbsp;Mar\u00eda Gabriela Marr\u00f3n confirm\u00f3 este mediod\u00eda que el cuerpo encontrado en la localidad bonaerense de General Daniel Cerri pertenece al [&hellip;]<\/p>\n","protected":false},"author":2,"featured_media":4541,"comment_status":"open","ping_status":"open","sticky":false,"template":"","format":"standard","meta":{"tdm_status":"","tdm_grid_status":"","_joinchat":[],"footnotes":""},"categories":[63],"tags":[],"class_list":{"0":"post-4540","1":"post","2":"type-post","3":"status-publish","4":"format-standard","5":"has-post-thumbnail","7":"category-policiales"},"amp_enabled":true,"_links":{"self":[{"href":"https:\/\/www.todoeldia.com\/index.php\/wp-json\/wp\/v2\/posts\/4540","targetHints":{"allow":["GET"]}}],"collection":[{"href":"https:\/\/www.todoeldia.com\/index.php\/wp-json\/wp\/v2\/posts"}],"about":[{"href":"https:\/\/www.todoeldia.com\/index.php\/wp-json\/wp\/v2\/types\/post"}],"author":[{"embeddable":true,"href":"https:\/\/www.todoeldia.com\/index.php\/wp-json\/wp\/v2\/users\/2"}],"replies":[{"embeddable":true,"href":"https:\/\/www.todoeldia.com\/index.php\/wp-json\/wp\/v2\/comments?post=4540"}],"version-history":[{"count":1,"href":"https:\/\/www.todoeldia.com\/index.php\/wp-json\/wp\/v2\/posts\/4540\/revisions"}],"predecessor-version":[{"id":4542,"href":"https:\/\/www.todoeldia.com\/index.php\/wp-json\/wp\/v2\/posts\/4540\/revisions\/4542"}],"wp:featuredmedia":[{"embeddable":true,"href":"https:\/\/www.todoeldia.com\/index.php\/wp-json\/wp\/v2\/media\/4541"}],"wp:attachment":[{"href":"https:\/\/www.todoeldia.com\/index.php\/wp-json\/wp\/v2\/media?parent=4540"}],"wp:term":[{"taxonomy":"category","embeddable":true,"href":"https:\/\/www.todoeldia.com\/index.php\/wp-json\/wp\/v2\/categories?post=4540"},{"taxonomy":"post_tag","embeddable":true,"href":"https:\/\/www.todoeldia.com\/index.php\/wp-json\/wp\/v2\/tags?post=4540"}],"curies":[{"name":"wp","href":"https:\/\/api.w.org\/{rel}","templated":true}]}}