{"id":4543,"date":"2020-09-02T13:32:31","date_gmt":"2020-09-02T16:32:31","guid":{"rendered":"https:\/\/www.todoeldia.com\/?p=4543"},"modified":"2020-09-02T13:32:32","modified_gmt":"2020-09-02T16:32:32","slug":"en-cuarentena-aumentaron-20-las-denuncias-por-violencia-dentro-del-hogar","status":"publish","type":"post","link":"https:\/\/www.todoeldia.com\/index.php\/2020\/09\/02\/en-cuarentena-aumentaron-20-las-denuncias-por-violencia-dentro-del-hogar\/","title":{"rendered":"En cuarentena, aumentaron 20% las denuncias por violencia dentro del hogar"},"content":{"rendered":"\n<p>Seg\u00fan datos registrados por el Ministerio de Justicia y Derechos Humanos de la Naci\u00f3n, los llamados a la l\u00ednea 137 por violencias intrafamiliares o sexuales aumentaron un 20% durante la cuarentena, respecto al mismo per\u00edodo de 2019.<\/p>\n\n\n\n<p>La cantidad total de chicos que sufrieron estos tipos de violencias se increment\u00f3 un 23%, adem\u00e1s del aumento del 28% en violencia familiar y del 13% en violencia sexual. En tanto, la cantidad de chicos y chicas que fueron violentados en el entorno digital (lo que incluye principalmente grooming y utilizaci\u00f3n de im\u00e1genes en pornograf\u00eda) aument\u00f3 un 267%.&nbsp;<\/p>\n\n\n\n<p>La interrupci\u00f3n de clases presenciales y de actividades deportivas y sociales no s\u00f3lo impacta en la salud emocional y f\u00edsica de los chicos y las chicas. La falta de contacto y de vinculaci\u00f3n con sus pares y adultos de referencia (familiares, docentes y profesionales de la salud, entre otros) dificulta los pedidos de ayuda que los propios ni\u00f1os puedan hacer, o la intervenci\u00f3n de personas cercanas que puedan detectar situaciones de maltrato y requerir asistencia del Estado.&nbsp;<\/p>\n\n\n\n<p>Los especialistas alertan que muchos casos de violencia no son identificados ni puestos en conocimiento antes las autoridades, lo que impide que ni\u00f1os y ni\u00f1as reciban asistencia, tratamiento, protecci\u00f3n y accedan a la justicia.&nbsp;<\/p>\n\n\n\n<p>En la campa\u00f1a De los chicos y chicas #SomosResponsables, que 12 instituciones presentan hoy para cuidar y velar por ellos, chicos y chicas advierten que la violencia y el maltrato muchas veces \u201ces un problema invisible\u201d en la sociedad, que exist\u00eda antes de la pandemia y que el riesgo de sufrirla se incrementa con las medidas de aislamiento social. A trav\u00e9s de un conjunto de piezas audiovisuales que emulan el formato de los anuncios presidenciales durante la cuarentena, se apropian de un \u201cespacio de los adultos\u201d y les hablan directamente a quienes son responsables de protegerlos.&nbsp;<\/p>\n\n\n\n<p>En los casos de violencia en el hogar, las personas que est\u00e1n al cuidado de los chicos y las chicas y conviven con ellos&nbsp;muchas veces tambi\u00e9n est\u00e1n expuestas al maltrato y no pueden o no se animan a denunciarlo. #SomosResponsables no s\u00f3lo las interpela a ellas: en el contexto actual de aislamiento social, la iniciativa es un llamado a que vecinos, familiares y amigos que sospechen o conozcan situaciones de violencia, se involucren y hagan la denuncia.&nbsp;<\/p>\n","protected":false},"excerpt":{"rendered":"<p>Seg\u00fan datos registrados por el Ministerio de Justicia y Derechos Humanos de la Naci\u00f3n, los llamados a la l\u00ednea 137 por violencias intrafamiliares o sexuales aumentaron un 20% durante la cuarentena, respecto al mismo per\u00edodo de 2019. La cantidad total de chicos que sufrieron estos tipos de violencias se increment\u00f3 un 23%, adem\u00e1s del aumento [&hellip;]<\/p>\n","protected":false},"author":2,"featured_media":4544,"comment_status":"open","ping_status":"open","sticky":false,"template":"","format":"standard","meta":{"tdm_status":"","tdm_grid_status":"","_joinchat":[],"footnotes":""},"categories":[73],"tags":[],"class_list":{"0":"post-4543","1":"post","2":"type-post","3":"status-publish","4":"format-standard","5":"has-post-thumbnail","7":"category-noticias-general"},"amp_enabled":true,"_links":{"self":[{"href":"https:\/\/www.todoeldia.com\/index.php\/wp-json\/wp\/v2\/posts\/4543","targetHints":{"allow":["GET"]}}],"collection":[{"href":"https:\/\/www.todoeldia.com\/index.php\/wp-json\/wp\/v2\/posts"}],"about":[{"href":"https:\/\/www.todoeldia.com\/index.php\/wp-json\/wp\/v2\/types\/post"}],"author":[{"embeddable":true,"href":"https:\/\/www.todoeldia.com\/index.php\/wp-json\/wp\/v2\/users\/2"}],"replies":[{"embeddable":true,"href":"https:\/\/www.todoeldia.com\/index.php\/wp-json\/wp\/v2\/comments?post=4543"}],"version-history":[{"count":1,"href":"https:\/\/www.todoeldia.com\/index.php\/wp-json\/wp\/v2\/posts\/4543\/revisions"}],"predecessor-version":[{"id":4545,"href":"https:\/\/www.todoeldia.com\/index.php\/wp-json\/wp\/v2\/posts\/4543\/revisions\/4545"}],"wp:featuredmedia":[{"embeddable":true,"href":"https:\/\/www.todoeldia.com\/index.php\/wp-json\/wp\/v2\/media\/4544"}],"wp:attachment":[{"href":"https:\/\/www.todoeldia.com\/index.php\/wp-json\/wp\/v2\/media?parent=4543"}],"wp:term":[{"taxonomy":"category","embeddable":true,"href":"https:\/\/www.todoeldia.com\/index.php\/wp-json\/wp\/v2\/categories?post=4543"},{"taxonomy":"post_tag","embeddable":true,"href":"https:\/\/www.todoeldia.com\/index.php\/wp-json\/wp\/v2\/tags?post=4543"}],"curies":[{"name":"wp","href":"https:\/\/api.w.org\/{rel}","templated":true}]}}