{"id":4546,"date":"2020-09-02T14:05:19","date_gmt":"2020-09-02T17:05:19","guid":{"rendered":"https:\/\/www.todoeldia.com\/?p=4546"},"modified":"2020-09-02T14:05:20","modified_gmt":"2020-09-02T17:05:20","slug":"no-podemos-mas-el-desgarrador-comunicado-de-los-trabajadores-de-terapia-intensiva","status":"publish","type":"post","link":"https:\/\/www.todoeldia.com\/index.php\/2020\/09\/02\/no-podemos-mas-el-desgarrador-comunicado-de-los-trabajadores-de-terapia-intensiva\/","title":{"rendered":"\u201cNo podemos m\u00e1s\u201d, el desgarrador comunicado de los trabajadores de terapia intensiva"},"content":{"rendered":"\n<p>A trav\u00e9s de una carta, la Sociedad&nbsp;Argentina de Terapia Intensiva (SATI) advirti\u00f3 sobre la saturaci\u00f3n del sistema sanitario, y la realidad a la que se enfrentan a diario.<\/p>\n\n\n\n<p>Desde el origen de la pandemia de coronavirus,<a href=\"https:\/\/radiomitre.cienradios.com\/coronavirus-confirmaron-10-504-casos-y-259-muertes-en-las-ultimas-24-horas\/\">&nbsp;la Argentina acumula 428.239 casos positivos y 8.919 v\u00edctimas fatales.<\/a>&nbsp;Ahora, a m\u00e1s de 160 d\u00edas de iniciada la cuarentena, la&nbsp;Sociedad Argentina de Terapia Intensiva&nbsp;(SATI) advirti\u00f3 sobre la realidad que enfrentan a diario y el peligro de la&nbsp;saturaci\u00f3n de camas.&nbsp;<\/p>\n\n\n\n<p>\u201cNos encontramos al l\u00edmite de nuestras fuerzas, exhaustos, atendiendo cada vez m\u00e1s pacientes\u201d, expresaron a trav\u00e9s de un duro comunicado en el que advirtieron, adem\u00e1s, que \u201clos recursos se est\u00e1n agotando\u201d.&nbsp;&nbsp;\u201cSentimos que estamos perdiendo la batalla\u201d, sintetizaron.<\/p>\n\n\n\n<p>Adem\u00e1s, aseguraron que \u201cla mayor\u00eda de las&nbsp;Unidades de Terapia Intensiva del pa\u00eds se encuentran con un alt\u00edsimo nivel de ocupaci\u00f3n\u201d, que las camas con respiradores \u201cson cada vez m\u00e1s escasas\u201d y, fundamentalmente, que falta personal m\u00e9dico.<\/p>\n\n\n\n<p>\u201cA diferencia de las camas y los respiradores, los trabajadores de terapia intensiva no pueden multiplicarse.&nbsp;Ya \u00e9ramos pocos antes de la pandemia y hoy nos encontramos al l\u00edmite de nuestras fuerzas, raleados por la enfermedad, exhaustos por el trabajo continuo e intenso, atendiendo cada vez m\u00e1s pacientes. Estas cuestiones deterioran la calidad de atenci\u00f3n que habitualmente brindamos\u201d, explicaron en la solicitada.<\/p>\n\n\n\n<p>Por otro lado, remarcaron que los equipos equipos de protecci\u00f3n personal en los que est\u00e1n \u201cenfundados\u201d para evitar contagios \u201capenas\u201d les permite \u201crespirar, hablar\u201d y comunicarse entre ellos.<\/p>\n\n\n\n<p>\u201cTambi\u00e9n&nbsp;tenemos que lamentar bajas, personal infectado y lamentablemente, fallecidos, colegas y amigos ca\u00eddos que nos duelen, que nos desgarran tan profundamente\u201d, lamentaron en la misiva que lleva la firma de la presidenta de SATI, la doctora Rosa Reina, y su vicepresidente, Guillermo Chiappero<\/p>\n\n\n\n<p>Adem\u00e1s, advirtieron sobre los bajos salarios y aseguraron que el trabajo no les alcanza para sobrellevar la crisis econ\u00f3mica.&nbsp;\u201cTerminamos una guardia en una UTI y salimos apresuradamente para otro trabajo;&nbsp;necesitamos trabajar en m\u00e1s de un lugar para llegar a fin de mes.&nbsp;Por horas y horas de trabajo estresante, agotador, pese a ser profesionales altamente calificados y entrenados, ganamos sueldos incre\u00edblemente bajos que dejan estupefactos a quienes escuchan cu\u00e1l es nuestro salario\u201d, revelaron.<\/p>\n\n\n\n<p>\u201cSentimos que no podemos m\u00e1s, que nos vamos quedando solos,&nbsp;que nos est\u00e1n dejando solos; encerrados en las Unidades de Terapias Intensivas con nuestros equipos de protecci\u00f3n personal y con nuestros pacientes, s\u00f3lo alent\u00e1ndonos entre nosotros\u201d, remarcaron.<\/p>\n\n\n\n<p>Por \u00faltimo, advirtieron sobre la apertura de la cuarentena en algunos distritos y se preguntaron qu\u00e9 pasar\u00e1 el d\u00eda de ma\u00f1ana con esa gente que hoy \u201cquiere disfrutar\u201d.<\/p>\n\n\n\n<p>\u201cObservamos en las calles cada vez m\u00e1s gente que quiere disfrutar, que reclama sus derechos, la gente que se siente bien por ahora.&nbsp;\u00bfQu\u00e9 pasar\u00e1 con ellos y sus familiares ma\u00f1ana?&nbsp;\u00a1Ojal\u00e1 que no se transformen en uno de nuestros pacientes que, con fuerzas, trataremos de arrebatarle a la muerte! Porque nadie sabe cu\u00e1ndo el virus los infectar\u00e1\u201d, enfatizaron.<\/p>\n\n\n\n<p>\u201cS\u00f3lo le pedimos a la sociedad que reflexione, y que&nbsp;cumpla con tres simples pero importantes medidas,&nbsp;recomendadas cient\u00edficamente:&nbsp;distanciamiento social&nbsp;(permanecer a m\u00e1s de 1,5 metros),&nbsp;uso de tapabocas&nbsp;(cubriendo nariz y boca),&nbsp;lavado frecuente de manos&nbsp;(con agua y jab\u00f3n o alcohol, no aglomerarse, no hacer fiestas, no salir si no es necesario\u201d, suplicaron los m\u00e9dicos y destacaron \u201cno desafiar al virus, porque el virus nos est\u00e1 ganando\u201d.<\/p>\n","protected":false},"excerpt":{"rendered":"<p>A trav\u00e9s de una carta, la Sociedad&nbsp;Argentina de Terapia Intensiva (SATI) advirti\u00f3 sobre la saturaci\u00f3n del sistema sanitario, y la realidad a la que se enfrentan a diario. Desde el origen de la pandemia de coronavirus,&nbsp;la Argentina acumula 428.239 casos positivos y 8.919 v\u00edctimas fatales.&nbsp;Ahora, a m\u00e1s de 160 d\u00edas de iniciada la cuarentena, la&nbsp;Sociedad [&hellip;]<\/p>\n","protected":false},"author":2,"featured_media":4547,"comment_status":"open","ping_status":"open","sticky":false,"template":"","format":"standard","meta":{"tdm_status":"","tdm_grid_status":"","_joinchat":[],"footnotes":""},"categories":[65],"tags":[],"class_list":{"0":"post-4546","1":"post","2":"type-post","3":"status-publish","4":"format-standard","5":"has-post-thumbnail","7":"category-coronavirus"},"amp_enabled":true,"_links":{"self":[{"href":"https:\/\/www.todoeldia.com\/index.php\/wp-json\/wp\/v2\/posts\/4546","targetHints":{"allow":["GET"]}}],"collection":[{"href":"https:\/\/www.todoeldia.com\/index.php\/wp-json\/wp\/v2\/posts"}],"about":[{"href":"https:\/\/www.todoeldia.com\/index.php\/wp-json\/wp\/v2\/types\/post"}],"author":[{"embeddable":true,"href":"https:\/\/www.todoeldia.com\/index.php\/wp-json\/wp\/v2\/users\/2"}],"replies":[{"embeddable":true,"href":"https:\/\/www.todoeldia.com\/index.php\/wp-json\/wp\/v2\/comments?post=4546"}],"version-history":[{"count":1,"href":"https:\/\/www.todoeldia.com\/index.php\/wp-json\/wp\/v2\/posts\/4546\/revisions"}],"predecessor-version":[{"id":4548,"href":"https:\/\/www.todoeldia.com\/index.php\/wp-json\/wp\/v2\/posts\/4546\/revisions\/4548"}],"wp:featuredmedia":[{"embeddable":true,"href":"https:\/\/www.todoeldia.com\/index.php\/wp-json\/wp\/v2\/media\/4547"}],"wp:attachment":[{"href":"https:\/\/www.todoeldia.com\/index.php\/wp-json\/wp\/v2\/media?parent=4546"}],"wp:term":[{"taxonomy":"category","embeddable":true,"href":"https:\/\/www.todoeldia.com\/index.php\/wp-json\/wp\/v2\/categories?post=4546"},{"taxonomy":"post_tag","embeddable":true,"href":"https:\/\/www.todoeldia.com\/index.php\/wp-json\/wp\/v2\/tags?post=4546"}],"curies":[{"name":"wp","href":"https:\/\/api.w.org\/{rel}","templated":true}]}}