{"id":4549,"date":"2020-09-02T14:43:58","date_gmt":"2020-09-02T17:43:58","guid":{"rendered":"https:\/\/www.todoeldia.com\/?p=4549"},"modified":"2020-09-02T14:43:59","modified_gmt":"2020-09-02T17:43:59","slug":"luego-de-estar-en-almorzando-con-mirtha-legrand-toti-pasman-confirmo-que-tiene-coronavirus","status":"publish","type":"post","link":"https:\/\/www.todoeldia.com\/index.php\/2020\/09\/02\/luego-de-estar-en-almorzando-con-mirtha-legrand-toti-pasman-confirmo-que-tiene-coronavirus\/","title":{"rendered":"Luego de estar en &#8220;Almorzando con Mirtha Legrand&#8221;, Toti Pasman confirm\u00f3 que tiene coronavirus"},"content":{"rendered":"\n<p>El fin de semana, Toti Pasman almorz\u00f3 en el programa de Juana Viale y todos los invitados deber\u00e1n hisoparse.<\/p>\n\n\n\n<p><a href=\"http:\/\/www.ratingcero.com\/toti-pasman-a5130822\">Toti Pasman<\/a>&nbsp;confirm\u00f3 esta ma\u00f1ana que tiene coronavirus. El periodista deportivo se realiz\u00f3 el hisopado ayer por la ma\u00f1ana y a la tarde le dieron el resultado. \u201cEstoy bien, aislado. Estoy cansado nada m\u00e1s, me levant\u00e9 bastante bien. Nunca tuve fiebre, ni tos, ni perd\u00ed olfato\u201d, asegur\u00f3 en&nbsp;<em>LAM<\/em>.<\/p>\n\n\n\n<p>\u201cEstoy cansado, con malestar y dolor de cabeza. Me levant\u00e9 mucho mejor de lo que me fui a dormir anoche.&nbsp;Seguramente me contagi\u00e9 en la&nbsp;<a href=\"http:\/\/www.ratingcero.com\/radio-a5130750\">radio<\/a>, que es al \u00fanico lugar que estoy yendo\u201d, asegur\u00f3.<\/p>\n\n\n\n<p>Cabe recordar que el periodista asisti\u00f3&nbsp;este fin de semana al programa de Mirtha Legrand que actualmente lo conduce su nieta&nbsp;<a href=\"http:\/\/www.ratingcero.com\/juana-viale-a10334\">Juana Viale<\/a>. \u201cYa le avis\u00e9 a la producci\u00f3n de Juanita, le pido disculpas. Fui sin saber, sin s\u00edntomas\u201d, explic\u00f3 Pasman. Ante esta situaci\u00f3n se hisopar\u00edan los invitados&nbsp;Manuel Wirtz, Sol P\u00e9rez y Gabriel Oliveri, como tambi\u00e9n Juana Viale.<\/p>\n\n\n\n<p>Por su parte, en otro de sus trabajos, en radio La Red, Toti Pasman est\u00e1 al frente de<em>&nbsp;Futbol 910<\/em>&nbsp;junto a Leo Gentili, Juan Pietravallo, Marcelo Baffa y Daniel Baretto. A la radio no va desde el pasado jueves, as\u00ed que en principio no habr\u00eda mayores complicaciones dentro del medio.<\/p>\n","protected":false},"excerpt":{"rendered":"<p>El fin de semana, Toti Pasman almorz\u00f3 en el programa de Juana Viale y todos los invitados deber\u00e1n hisoparse. Toti Pasman&nbsp;confirm\u00f3 esta ma\u00f1ana que tiene coronavirus. El periodista deportivo se realiz\u00f3 el hisopado ayer por la ma\u00f1ana y a la tarde le dieron el resultado. \u201cEstoy bien, aislado. Estoy cansado nada m\u00e1s, me levant\u00e9 bastante [&hellip;]<\/p>\n","protected":false},"author":2,"featured_media":4550,"comment_status":"open","ping_status":"open","sticky":false,"template":"","format":"standard","meta":{"tdm_status":"","tdm_grid_status":"","_joinchat":[],"footnotes":""},"categories":[65],"tags":[],"class_list":{"0":"post-4549","1":"post","2":"type-post","3":"status-publish","4":"format-standard","5":"has-post-thumbnail","7":"category-coronavirus"},"amp_enabled":true,"_links":{"self":[{"href":"https:\/\/www.todoeldia.com\/index.php\/wp-json\/wp\/v2\/posts\/4549","targetHints":{"allow":["GET"]}}],"collection":[{"href":"https:\/\/www.todoeldia.com\/index.php\/wp-json\/wp\/v2\/posts"}],"about":[{"href":"https:\/\/www.todoeldia.com\/index.php\/wp-json\/wp\/v2\/types\/post"}],"author":[{"embeddable":true,"href":"https:\/\/www.todoeldia.com\/index.php\/wp-json\/wp\/v2\/users\/2"}],"replies":[{"embeddable":true,"href":"https:\/\/www.todoeldia.com\/index.php\/wp-json\/wp\/v2\/comments?post=4549"}],"version-history":[{"count":1,"href":"https:\/\/www.todoeldia.com\/index.php\/wp-json\/wp\/v2\/posts\/4549\/revisions"}],"predecessor-version":[{"id":4551,"href":"https:\/\/www.todoeldia.com\/index.php\/wp-json\/wp\/v2\/posts\/4549\/revisions\/4551"}],"wp:featuredmedia":[{"embeddable":true,"href":"https:\/\/www.todoeldia.com\/index.php\/wp-json\/wp\/v2\/media\/4550"}],"wp:attachment":[{"href":"https:\/\/www.todoeldia.com\/index.php\/wp-json\/wp\/v2\/media?parent=4549"}],"wp:term":[{"taxonomy":"category","embeddable":true,"href":"https:\/\/www.todoeldia.com\/index.php\/wp-json\/wp\/v2\/categories?post=4549"},{"taxonomy":"post_tag","embeddable":true,"href":"https:\/\/www.todoeldia.com\/index.php\/wp-json\/wp\/v2\/tags?post=4549"}],"curies":[{"name":"wp","href":"https:\/\/api.w.org\/{rel}","templated":true}]}}