{"id":4552,"date":"2020-09-02T14:47:43","date_gmt":"2020-09-02T17:47:43","guid":{"rendered":"https:\/\/www.todoeldia.com\/?p=4552"},"modified":"2020-09-02T14:47:44","modified_gmt":"2020-09-02T17:47:44","slug":"se-separaron-lucia-galan-y-pablo-alarcon-luego-de-14-anos-de-romance","status":"publish","type":"post","link":"https:\/\/www.todoeldia.com\/index.php\/2020\/09\/02\/se-separaron-lucia-galan-y-pablo-alarcon-luego-de-14-anos-de-romance\/","title":{"rendered":"Se separaron Luc\u00eda Gal\u00e1n y Pablo Alarc\u00f3n luego de 14 a\u00f1os de romance"},"content":{"rendered":"\n<p>Luc\u00eda Gal\u00e1n&nbsp;y&nbsp;Pablo Alarc\u00f3n&nbsp;se separaron luego de compartir 14 a\u00f1os juntos en familias ensambladas. Seg\u00fan Angel de Brito, la decisi\u00f3n fue tomada en el verano antes de la cuarentena y los motivos tuvieron que ver con un &#8220;desgaste de la relaci\u00f3n por la cantidad de a\u00f1os&#8221;.<\/p>\n\n\n\n<p>&#8220;Han convivido, han ensamblado sus familias porque ambos tienen hijas y se llevaban muy bien. Tuvieron un romance impecable, se acompa\u00f1aban en sus trabajos, hasta dieron notas juntos. Se separaron en muy buenos t\u00e9rminos por el desgaste de la relaci\u00f3n. Tuvieron algunas idas y vueltas pero ahora es definitivo&#8221;, coment\u00f3 en&nbsp;<em>Los \u00e1ngeles de la ma\u00f1ana.<\/em><\/p>\n","protected":false},"excerpt":{"rendered":"<p>Luc\u00eda Gal\u00e1n&nbsp;y&nbsp;Pablo Alarc\u00f3n&nbsp;se separaron luego de compartir 14 a\u00f1os juntos en familias ensambladas. Seg\u00fan Angel de Brito, la decisi\u00f3n fue tomada en el verano antes de la cuarentena y los motivos tuvieron que ver con un &#8220;desgaste de la relaci\u00f3n por la cantidad de a\u00f1os&#8221;. &#8220;Han convivido, han ensamblado sus familias porque ambos tienen hijas [&hellip;]<\/p>\n","protected":false},"author":2,"featured_media":4553,"comment_status":"open","ping_status":"open","sticky":false,"template":"","format":"standard","meta":{"tdm_status":"","tdm_grid_status":"","_joinchat":[],"footnotes":""},"categories":[120],"tags":[],"class_list":{"0":"post-4552","1":"post","2":"type-post","3":"status-publish","4":"format-standard","5":"has-post-thumbnail","7":"category-espectaculos-2"},"amp_enabled":true,"_links":{"self":[{"href":"https:\/\/www.todoeldia.com\/index.php\/wp-json\/wp\/v2\/posts\/4552","targetHints":{"allow":["GET"]}}],"collection":[{"href":"https:\/\/www.todoeldia.com\/index.php\/wp-json\/wp\/v2\/posts"}],"about":[{"href":"https:\/\/www.todoeldia.com\/index.php\/wp-json\/wp\/v2\/types\/post"}],"author":[{"embeddable":true,"href":"https:\/\/www.todoeldia.com\/index.php\/wp-json\/wp\/v2\/users\/2"}],"replies":[{"embeddable":true,"href":"https:\/\/www.todoeldia.com\/index.php\/wp-json\/wp\/v2\/comments?post=4552"}],"version-history":[{"count":1,"href":"https:\/\/www.todoeldia.com\/index.php\/wp-json\/wp\/v2\/posts\/4552\/revisions"}],"predecessor-version":[{"id":4554,"href":"https:\/\/www.todoeldia.com\/index.php\/wp-json\/wp\/v2\/posts\/4552\/revisions\/4554"}],"wp:featuredmedia":[{"embeddable":true,"href":"https:\/\/www.todoeldia.com\/index.php\/wp-json\/wp\/v2\/media\/4553"}],"wp:attachment":[{"href":"https:\/\/www.todoeldia.com\/index.php\/wp-json\/wp\/v2\/media?parent=4552"}],"wp:term":[{"taxonomy":"category","embeddable":true,"href":"https:\/\/www.todoeldia.com\/index.php\/wp-json\/wp\/v2\/categories?post=4552"},{"taxonomy":"post_tag","embeddable":true,"href":"https:\/\/www.todoeldia.com\/index.php\/wp-json\/wp\/v2\/tags?post=4552"}],"curies":[{"name":"wp","href":"https:\/\/api.w.org\/{rel}","templated":true}]}}