{"id":45796,"date":"2022-09-22T21:42:30","date_gmt":"2022-09-23T00:42:30","guid":{"rendered":"https:\/\/www.todoeldia.com\/?p=45796"},"modified":"2022-09-22T21:46:36","modified_gmt":"2022-09-23T00:46:36","slug":"se-investiga-a-un-acusado-de-homicidio-de-jimena-salas-por-atentar-contra-los-efectivos-que-lo-trasladaban","status":"publish","type":"post","link":"https:\/\/www.todoeldia.com\/index.php\/2022\/09\/22\/se-investiga-a-un-acusado-de-homicidio-de-jimena-salas-por-atentar-contra-los-efectivos-que-lo-trasladaban\/","title":{"rendered":"Se investiga a un acusado de homicidio de Jimena Salas por atentar contra los efectivos que lo trasladaban"},"content":{"rendered":"\n<p>Un hombre de 33 a\u00f1os, es investigado por un hecho ocurrido este mi\u00e9rcoles en la jurisdicci\u00f3n de General G\u00fcemes, cuando era trasladado desde la ciudad de Tartagal y realiz\u00f3 una maniobra contra el conductor del veh\u00edculo, lesion\u00e1ndolo y poniendo en riesgo la vida de los ocupantes del veh\u00edculo y terceros.<\/p>\n\n\n\n<p>El fiscal penal Rodrigo Gonz\u00e1lez Miralpeix, subrogante en la Fiscal\u00eda Penal 2 de la Unidad de Graves Atentados contra las Personas en turno, inici\u00f3 una investigaci\u00f3n contra Javier Nicol\u00e1s Saavedra de 33 a\u00f1os, por un hecho que puso en riesgo la vida de investigadores del CIF.<\/p>\n\n\n\n<p>La denuncia fue radicada por el efectivo a cargo del grupo investigativo encargado del traslado del acusado de homicidio calificado, desde la ciudad de Tartagal hacia la ciudad de Salta.<\/p>\n\n\n\n<figure class=\"wp-block-image size-full is-resized\"><img loading=\"lazy\" decoding=\"async\" src=\"https:\/\/www.todoeldia.com\/wp-content\/uploads\/2022\/09\/image-119.png\" alt=\"\" class=\"wp-image-45800\" width=\"910\" height=\"526\"\/><\/figure>\n\n\n\n<p>Relata que este mi\u00e9rcoles, cuando viajaban en una camioneta oficial, a la altura de General G\u00fcemes y en el momento en el que de frente y por el carril contrario ven\u00eda un cami\u00f3n de grandes dimensiones, el acusado Javier Nicol\u00e1s Saavedra que viajaba esposado en la parte trasera junto a dos custodios, se habr\u00eda abalanzado sobre el conductor del veh\u00edculo, intentando quitarle el dominio del mismo y provoc\u00e1ndole lesiones.<\/p>\n\n\n\n<p>El chofer pudo mantener la direcci\u00f3n del veh\u00edculo sobre la transitada ruta nacional y el resto de los efectivos reducir al acusado.<\/p>\n\n\n\n<p>Gonz\u00e1lez Miralpeix dispuso el cumplimiento de distintas medidas en el marco de la averiguacion preliminar iniciada.<\/p>\n","protected":false},"excerpt":{"rendered":"<p>Un hombre de 33 a\u00f1os, es investigado por un hecho ocurrido este mi\u00e9rcoles en la jurisdicci\u00f3n de General G\u00fcemes, cuando era trasladado desde la ciudad de Tartagal y realiz\u00f3 una maniobra contra el conductor del veh\u00edculo, lesion\u00e1ndolo y poniendo en riesgo la vida de los ocupantes del veh\u00edculo y terceros. El fiscal penal Rodrigo Gonz\u00e1lez [&hellip;]<\/p>\n","protected":false},"author":2,"featured_media":40483,"comment_status":"open","ping_status":"open","sticky":false,"template":"","format":"standard","meta":{"tdm_status":"","tdm_grid_status":"","_joinchat":[],"footnotes":""},"categories":[63],"tags":[],"class_list":{"0":"post-45796","1":"post","2":"type-post","3":"status-publish","4":"format-standard","5":"has-post-thumbnail","7":"category-policiales"},"amp_enabled":true,"_links":{"self":[{"href":"https:\/\/www.todoeldia.com\/index.php\/wp-json\/wp\/v2\/posts\/45796","targetHints":{"allow":["GET"]}}],"collection":[{"href":"https:\/\/www.todoeldia.com\/index.php\/wp-json\/wp\/v2\/posts"}],"about":[{"href":"https:\/\/www.todoeldia.com\/index.php\/wp-json\/wp\/v2\/types\/post"}],"author":[{"embeddable":true,"href":"https:\/\/www.todoeldia.com\/index.php\/wp-json\/wp\/v2\/users\/2"}],"replies":[{"embeddable":true,"href":"https:\/\/www.todoeldia.com\/index.php\/wp-json\/wp\/v2\/comments?post=45796"}],"version-history":[{"count":3,"href":"https:\/\/www.todoeldia.com\/index.php\/wp-json\/wp\/v2\/posts\/45796\/revisions"}],"predecessor-version":[{"id":45801,"href":"https:\/\/www.todoeldia.com\/index.php\/wp-json\/wp\/v2\/posts\/45796\/revisions\/45801"}],"wp:featuredmedia":[{"embeddable":true,"href":"https:\/\/www.todoeldia.com\/index.php\/wp-json\/wp\/v2\/media\/40483"}],"wp:attachment":[{"href":"https:\/\/www.todoeldia.com\/index.php\/wp-json\/wp\/v2\/media?parent=45796"}],"wp:term":[{"taxonomy":"category","embeddable":true,"href":"https:\/\/www.todoeldia.com\/index.php\/wp-json\/wp\/v2\/categories?post=45796"},{"taxonomy":"post_tag","embeddable":true,"href":"https:\/\/www.todoeldia.com\/index.php\/wp-json\/wp\/v2\/tags?post=45796"}],"curies":[{"name":"wp","href":"https:\/\/api.w.org\/{rel}","templated":true}]}}