{"id":45833,"date":"2022-09-23T13:14:21","date_gmt":"2022-09-23T16:14:21","guid":{"rendered":"https:\/\/www.todoeldia.com\/?p=45833"},"modified":"2022-09-23T13:14:22","modified_gmt":"2022-09-23T16:14:22","slug":"rateros-en-la-balcarce","status":"publish","type":"post","link":"https:\/\/www.todoeldia.com\/index.php\/2022\/09\/23\/rateros-en-la-balcarce\/","title":{"rendered":"Rateros en la Balcarce"},"content":{"rendered":"\n<p>Un hombre de 25 a\u00f1os fue detenido e imputado por un hecho ocurrido durante la madrugada del pasado domingo en inmediaciones del corredor Balcarce.<\/p>\n\n\n\n<p>El fiscal penal 2, Ramiro Ramos Ossorio, imput\u00f3 en forma provisional a un hombre de 25 a\u00f1os como autor del delito de hurto simple.<\/p>\n\n\n\n<p>El pasado domingo por la madrugada, una mujer sufri\u00f3 el arrebato de su tel\u00e9fono celular en las inmediaciones del corredor Balcarce de la ciudad de Salta.<\/p>\n\n\n\n<p>Con la intervenci\u00f3n de personal policial, se logr\u00f3 la demora del sospechoso y el secuestro del aparato denunciado como sustra\u00eddo, de sus prendas de vestir.<\/p>\n\n\n\n<p>Tras la audiencia de imputaci\u00f3n, desde la Fiscal\u00eda se solicit\u00f3 al Juzgado de Garant\u00edas interviniente que se mantenga su detenci\u00f3n.<\/p>\n","protected":false},"excerpt":{"rendered":"<p>Un hombre de 25 a\u00f1os fue detenido e imputado por un hecho ocurrido durante la madrugada del pasado domingo en inmediaciones del corredor Balcarce. El fiscal penal 2, Ramiro Ramos Ossorio, imput\u00f3 en forma provisional a un hombre de 25 a\u00f1os como autor del delito de hurto simple. El pasado domingo por la madrugada, una [&hellip;]<\/p>\n","protected":false},"author":2,"featured_media":35395,"comment_status":"open","ping_status":"open","sticky":false,"template":"","format":"standard","meta":{"tdm_status":"","tdm_grid_status":"","_joinchat":[],"footnotes":""},"categories":[63],"tags":[],"class_list":{"0":"post-45833","1":"post","2":"type-post","3":"status-publish","4":"format-standard","5":"has-post-thumbnail","7":"category-policiales"},"amp_enabled":true,"_links":{"self":[{"href":"https:\/\/www.todoeldia.com\/index.php\/wp-json\/wp\/v2\/posts\/45833","targetHints":{"allow":["GET"]}}],"collection":[{"href":"https:\/\/www.todoeldia.com\/index.php\/wp-json\/wp\/v2\/posts"}],"about":[{"href":"https:\/\/www.todoeldia.com\/index.php\/wp-json\/wp\/v2\/types\/post"}],"author":[{"embeddable":true,"href":"https:\/\/www.todoeldia.com\/index.php\/wp-json\/wp\/v2\/users\/2"}],"replies":[{"embeddable":true,"href":"https:\/\/www.todoeldia.com\/index.php\/wp-json\/wp\/v2\/comments?post=45833"}],"version-history":[{"count":1,"href":"https:\/\/www.todoeldia.com\/index.php\/wp-json\/wp\/v2\/posts\/45833\/revisions"}],"predecessor-version":[{"id":45834,"href":"https:\/\/www.todoeldia.com\/index.php\/wp-json\/wp\/v2\/posts\/45833\/revisions\/45834"}],"wp:featuredmedia":[{"embeddable":true,"href":"https:\/\/www.todoeldia.com\/index.php\/wp-json\/wp\/v2\/media\/35395"}],"wp:attachment":[{"href":"https:\/\/www.todoeldia.com\/index.php\/wp-json\/wp\/v2\/media?parent=45833"}],"wp:term":[{"taxonomy":"category","embeddable":true,"href":"https:\/\/www.todoeldia.com\/index.php\/wp-json\/wp\/v2\/categories?post=45833"},{"taxonomy":"post_tag","embeddable":true,"href":"https:\/\/www.todoeldia.com\/index.php\/wp-json\/wp\/v2\/tags?post=45833"}],"curies":[{"name":"wp","href":"https:\/\/api.w.org\/{rel}","templated":true}]}}