{"id":4587,"date":"2020-09-02T22:58:38","date_gmt":"2020-09-03T01:58:38","guid":{"rendered":"https:\/\/www.todoeldia.com\/?p=4587"},"modified":"2020-09-02T22:58:39","modified_gmt":"2020-09-03T01:58:39","slug":"santiago-del-moro-dio-positivo-de-coronavirus-estoy-asintomatico","status":"publish","type":"post","link":"https:\/\/www.todoeldia.com\/index.php\/2020\/09\/02\/santiago-del-moro-dio-positivo-de-coronavirus-estoy-asintomatico\/","title":{"rendered":"Santiago del Moro dio positivo de Coronavirus: \u201cEstoy asintom\u00e1tico\u201d"},"content":{"rendered":"\n<p>El conductor radial y televisivo lo anunci\u00f3 en su cuenta de Twitter.<\/p>\n\n\n\n<p>Si bien era un rumor instalado en el medio, sobre todo despu\u00e9s de los resultados positivos en FM 100 con&nbsp;<a href=\"https:\/\/www.clarin.com\/tema\/guido-kaczka.html\" target=\"_blank\" rel=\"noreferrer noopener\">Guido Kaczka<\/a>,&nbsp;<a href=\"https:\/\/www.clarin.com\/tema\/marcela-tauro.html\" target=\"_blank\" rel=\"noreferrer noopener\">Marcela Tauro<\/a>,&nbsp;<a href=\"https:\/\/www.clarin.com\/tema\/catherine-fulop.html\" target=\"_blank\" rel=\"noreferrer noopener\">Catherine Fulop, Claudia Font\u00e1n&nbsp;<\/a>y otros compa\u00f1eros de la emisora,&nbsp;Santiago del Moro confirm\u00f3 v\u00eda twitter que tiene coronavirus. &#8220;Quer\u00eda simplemente contarles que me llegaron los resultados del hisopado y&nbsp;soy COVID positivo totalmente asintom\u00e1tico!&nbsp;Todos en casa estamos muy bien! Gracias! Les recuerdo que seguir\u00e9 transmitiendo mi programa de radio desde casa hasta tener el alta m\u00e9dica!!!&#8221;, aclar\u00f3 en una primera publicaci\u00f3n, en su cuenta personal en la que tiene un mill\u00f3n doscientos mil seguidores<\/p>\n","protected":false},"excerpt":{"rendered":"<p>El conductor radial y televisivo lo anunci\u00f3 en su cuenta de Twitter. Si bien era un rumor instalado en el medio, sobre todo despu\u00e9s de los resultados positivos en FM 100 con&nbsp;Guido Kaczka,&nbsp;Marcela Tauro,&nbsp;Catherine Fulop, Claudia Font\u00e1n&nbsp;y otros compa\u00f1eros de la emisora,&nbsp;Santiago del Moro confirm\u00f3 v\u00eda twitter que tiene coronavirus. &#8220;Quer\u00eda simplemente contarles que me [&hellip;]<\/p>\n","protected":false},"author":2,"featured_media":4588,"comment_status":"open","ping_status":"open","sticky":false,"template":"","format":"standard","meta":{"tdm_status":"","tdm_grid_status":"","_joinchat":[],"footnotes":""},"categories":[120],"tags":[],"class_list":{"0":"post-4587","1":"post","2":"type-post","3":"status-publish","4":"format-standard","5":"has-post-thumbnail","7":"category-espectaculos-2"},"amp_enabled":true,"_links":{"self":[{"href":"https:\/\/www.todoeldia.com\/index.php\/wp-json\/wp\/v2\/posts\/4587","targetHints":{"allow":["GET"]}}],"collection":[{"href":"https:\/\/www.todoeldia.com\/index.php\/wp-json\/wp\/v2\/posts"}],"about":[{"href":"https:\/\/www.todoeldia.com\/index.php\/wp-json\/wp\/v2\/types\/post"}],"author":[{"embeddable":true,"href":"https:\/\/www.todoeldia.com\/index.php\/wp-json\/wp\/v2\/users\/2"}],"replies":[{"embeddable":true,"href":"https:\/\/www.todoeldia.com\/index.php\/wp-json\/wp\/v2\/comments?post=4587"}],"version-history":[{"count":1,"href":"https:\/\/www.todoeldia.com\/index.php\/wp-json\/wp\/v2\/posts\/4587\/revisions"}],"predecessor-version":[{"id":4589,"href":"https:\/\/www.todoeldia.com\/index.php\/wp-json\/wp\/v2\/posts\/4587\/revisions\/4589"}],"wp:featuredmedia":[{"embeddable":true,"href":"https:\/\/www.todoeldia.com\/index.php\/wp-json\/wp\/v2\/media\/4588"}],"wp:attachment":[{"href":"https:\/\/www.todoeldia.com\/index.php\/wp-json\/wp\/v2\/media?parent=4587"}],"wp:term":[{"taxonomy":"category","embeddable":true,"href":"https:\/\/www.todoeldia.com\/index.php\/wp-json\/wp\/v2\/categories?post=4587"},{"taxonomy":"post_tag","embeddable":true,"href":"https:\/\/www.todoeldia.com\/index.php\/wp-json\/wp\/v2\/tags?post=4587"}],"curies":[{"name":"wp","href":"https:\/\/api.w.org\/{rel}","templated":true}]}}