{"id":4621,"date":"2020-09-03T11:04:36","date_gmt":"2020-09-03T14:04:36","guid":{"rendered":"https:\/\/www.todoeldia.com\/?p=4621"},"modified":"2020-09-03T11:04:37","modified_gmt":"2020-09-03T14:04:37","slug":"verguenza-nooo","status":"publish","type":"post","link":"https:\/\/www.todoeldia.com\/index.php\/2020\/09\/03\/verguenza-nooo\/","title":{"rendered":"\u00bfVerg\u00fcenza nooo?"},"content":{"rendered":"\n<p>El periodista Daniel Correa p\u00fablico en Twitter una nota dirigida al Presidente de la Corte de Justicia, Guillermo Catalano solicitando unos pesos m\u00e1s para los magistrados, magistradas, funcionarias y agentes que presten servicio durante la feria judicial extraordinaria establecida mediante la acordada N\u00b0 13175.<\/p>\n\n\n\n<p>Se trata de los jueces de la C\u00e1mara de Apelaciones en lo Civil y Comercial, Marcelo Dom\u00ednguez, Mar\u00eda In\u00e9s Casey y Mar\u00eda Silvana Dom\u00ednguez, que como si fuera poco cobran alrededor de 350 mil pesos mensuales y adem\u00e1s tienen 45 d\u00edas de vacaciones anuales.<\/p>\n\n\n\n<figure class=\"wp-block-image size-large\"><img loading=\"lazy\" decoding=\"async\" width=\"576\" height=\"1024\" src=\"https:\/\/www.todoeldia.com\/wp-content\/uploads\/2020\/09\/jueces-que-quieren-cobrar-mas-576x1024.jpg\" alt=\"\" class=\"wp-image-4622\" srcset=\"https:\/\/www.todoeldia.com\/wp-content\/uploads\/2020\/09\/jueces-que-quieren-cobrar-mas-576x1024.jpg 576w, https:\/\/www.todoeldia.com\/wp-content\/uploads\/2020\/09\/jueces-que-quieren-cobrar-mas-169x300.jpg 169w, https:\/\/www.todoeldia.com\/wp-content\/uploads\/2020\/09\/jueces-que-quieren-cobrar-mas-300x533.jpg 300w, https:\/\/www.todoeldia.com\/wp-content\/uploads\/2020\/09\/jueces-que-quieren-cobrar-mas-236x420.jpg 236w, https:\/\/www.todoeldia.com\/wp-content\/uploads\/2020\/09\/jueces-que-quieren-cobrar-mas.jpg 675w\" sizes=\"auto, (max-width: 576px) 100vw, 576px\" \/><\/figure>\n\n\n\n<p>A trav\u00e9s de la Acordada, s\u00f3lo trabajan de&nbsp;manera presencial algunos Juzgados y C\u00e1maras&nbsp;para asuntos urgentes, mientras que el resto de los empleados, funcionarios y jueces lo hacen de manera remota desde sus casas, de todas maneras, pretenden un extra o vacaciones compensatorias por su trabajo.<\/p>\n","protected":false},"excerpt":{"rendered":"<p>El periodista Daniel Correa p\u00fablico en Twitter una nota dirigida al Presidente de la Corte de Justicia, Guillermo Catalano solicitando unos pesos m\u00e1s para los magistrados, magistradas, funcionarias y agentes que presten servicio durante la feria judicial extraordinaria establecida mediante la acordada N\u00b0 13175. Se trata de los jueces de la C\u00e1mara de Apelaciones en [&hellip;]<\/p>\n","protected":false},"author":2,"featured_media":4627,"comment_status":"open","ping_status":"open","sticky":false,"template":"","format":"standard","meta":{"tdm_status":"","tdm_grid_status":"","_joinchat":[],"footnotes":""},"categories":[69],"tags":[],"class_list":{"0":"post-4621","1":"post","2":"type-post","3":"status-publish","4":"format-standard","5":"has-post-thumbnail","7":"category-salta"},"amp_enabled":true,"_links":{"self":[{"href":"https:\/\/www.todoeldia.com\/index.php\/wp-json\/wp\/v2\/posts\/4621","targetHints":{"allow":["GET"]}}],"collection":[{"href":"https:\/\/www.todoeldia.com\/index.php\/wp-json\/wp\/v2\/posts"}],"about":[{"href":"https:\/\/www.todoeldia.com\/index.php\/wp-json\/wp\/v2\/types\/post"}],"author":[{"embeddable":true,"href":"https:\/\/www.todoeldia.com\/index.php\/wp-json\/wp\/v2\/users\/2"}],"replies":[{"embeddable":true,"href":"https:\/\/www.todoeldia.com\/index.php\/wp-json\/wp\/v2\/comments?post=4621"}],"version-history":[{"count":3,"href":"https:\/\/www.todoeldia.com\/index.php\/wp-json\/wp\/v2\/posts\/4621\/revisions"}],"predecessor-version":[{"id":4629,"href":"https:\/\/www.todoeldia.com\/index.php\/wp-json\/wp\/v2\/posts\/4621\/revisions\/4629"}],"wp:featuredmedia":[{"embeddable":true,"href":"https:\/\/www.todoeldia.com\/index.php\/wp-json\/wp\/v2\/media\/4627"}],"wp:attachment":[{"href":"https:\/\/www.todoeldia.com\/index.php\/wp-json\/wp\/v2\/media?parent=4621"}],"wp:term":[{"taxonomy":"category","embeddable":true,"href":"https:\/\/www.todoeldia.com\/index.php\/wp-json\/wp\/v2\/categories?post=4621"},{"taxonomy":"post_tag","embeddable":true,"href":"https:\/\/www.todoeldia.com\/index.php\/wp-json\/wp\/v2\/tags?post=4621"}],"curies":[{"name":"wp","href":"https:\/\/api.w.org\/{rel}","templated":true}]}}