{"id":46414,"date":"2022-10-11T09:47:09","date_gmt":"2022-10-11T12:47:09","guid":{"rendered":"https:\/\/www.todoeldia.com\/?p=46414"},"modified":"2022-10-11T09:47:10","modified_gmt":"2022-10-11T12:47:10","slug":"dos-detenidos-por-un-homicidio-en-pichanal","status":"publish","type":"post","link":"https:\/\/www.todoeldia.com\/index.php\/2022\/10\/11\/dos-detenidos-por-un-homicidio-en-pichanal\/","title":{"rendered":"Dos detenidos por un homicidio en Pichanal"},"content":{"rendered":"\n<p>Dos hombres fueron detenidos como sospechosos de estar involucrados en la muerte de un hombre de 41 a\u00f1os el pasado 1 de octubre a la vera de la ruta 34 en Pichanal.<\/p>\n\n\n\n<p>La fiscal penal Claudia Carreras confirmo las detenciones e inform\u00f3 que ser\u00e1n imputados hoy.<\/p>\n\n\n\n<p>La fiscal penal de la Unidad de Graves Atentados contra las Personas de Or\u00e1n, Claudia Carreras, dirige la investigaci\u00f3n por el homicidio de un hombre de 41 a\u00f1os, encontrado a la vera de la nacional 34, entre Pichanal y Colonia Santa Rosa.<\/p>\n\n\n\n<p>Del cumplimiento de las numerosas medidas dispuestas para lograr el esclarecimiento del hecho, se logr\u00f3 individualizar a dos hombres como sospechosos de haber tenido participaci\u00f3n en el hecho y se produjo su detenci\u00f3n.<\/p>\n\n\n\n<p>Los detenidos, luego de la audiencia de control de legalidad en el Juzgado de Garant\u00edas interviniente, ser\u00e1n imputados este martes.<\/p>\n","protected":false},"excerpt":{"rendered":"<p>Dos hombres fueron detenidos como sospechosos de estar involucrados en la muerte de un hombre de 41 a\u00f1os el pasado 1 de octubre a la vera de la ruta 34 en Pichanal. La fiscal penal Claudia Carreras confirmo las detenciones e inform\u00f3 que ser\u00e1n imputados hoy. La fiscal penal de la Unidad de Graves Atentados [&hellip;]<\/p>\n","protected":false},"author":2,"featured_media":46415,"comment_status":"open","ping_status":"open","sticky":false,"template":"","format":"standard","meta":{"tdm_status":"","tdm_grid_status":"","_joinchat":[],"footnotes":""},"categories":[63],"tags":[],"class_list":{"0":"post-46414","1":"post","2":"type-post","3":"status-publish","4":"format-standard","5":"has-post-thumbnail","7":"category-policiales"},"amp_enabled":true,"_links":{"self":[{"href":"https:\/\/www.todoeldia.com\/index.php\/wp-json\/wp\/v2\/posts\/46414","targetHints":{"allow":["GET"]}}],"collection":[{"href":"https:\/\/www.todoeldia.com\/index.php\/wp-json\/wp\/v2\/posts"}],"about":[{"href":"https:\/\/www.todoeldia.com\/index.php\/wp-json\/wp\/v2\/types\/post"}],"author":[{"embeddable":true,"href":"https:\/\/www.todoeldia.com\/index.php\/wp-json\/wp\/v2\/users\/2"}],"replies":[{"embeddable":true,"href":"https:\/\/www.todoeldia.com\/index.php\/wp-json\/wp\/v2\/comments?post=46414"}],"version-history":[{"count":1,"href":"https:\/\/www.todoeldia.com\/index.php\/wp-json\/wp\/v2\/posts\/46414\/revisions"}],"predecessor-version":[{"id":46416,"href":"https:\/\/www.todoeldia.com\/index.php\/wp-json\/wp\/v2\/posts\/46414\/revisions\/46416"}],"wp:featuredmedia":[{"embeddable":true,"href":"https:\/\/www.todoeldia.com\/index.php\/wp-json\/wp\/v2\/media\/46415"}],"wp:attachment":[{"href":"https:\/\/www.todoeldia.com\/index.php\/wp-json\/wp\/v2\/media?parent=46414"}],"wp:term":[{"taxonomy":"category","embeddable":true,"href":"https:\/\/www.todoeldia.com\/index.php\/wp-json\/wp\/v2\/categories?post=46414"},{"taxonomy":"post_tag","embeddable":true,"href":"https:\/\/www.todoeldia.com\/index.php\/wp-json\/wp\/v2\/tags?post=46414"}],"curies":[{"name":"wp","href":"https:\/\/api.w.org\/{rel}","templated":true}]}}