{"id":46537,"date":"2022-10-12T15:37:48","date_gmt":"2022-10-12T18:37:48","guid":{"rendered":"https:\/\/www.todoeldia.com\/?p=46537"},"modified":"2022-10-12T15:37:50","modified_gmt":"2022-10-12T18:37:50","slug":"duras-criticas-de-elisa-carrio-al-dolar-qatar-ni-la-venezuela-chavista-tuvo-tantos-tipos-de-cambio","status":"publish","type":"post","link":"https:\/\/www.todoeldia.com\/index.php\/2022\/10\/12\/duras-criticas-de-elisa-carrio-al-dolar-qatar-ni-la-venezuela-chavista-tuvo-tantos-tipos-de-cambio\/","title":{"rendered":"Duras cr\u00edticas de Elisa Carri\u00f3 al d\u00f3lar Qatar: \u201cNi la Venezuela chavista tuvo tantos tipos de cambio\u201d"},"content":{"rendered":"\n<p>La l\u00edder de la Coalici\u00f3n C\u00edvica le hizo fuertes cuestionamientos al ministro de Econom\u00eda y advirti\u00f3 sobre la alta inflaci\u00f3n.<\/p>\n\n\n\n<p>La jefa de la Coalici\u00f3n C\u00edvica Elisa Carri\u00f3 y su partido se sumaron al rechazo de la oposici\u00f3n a la pol\u00edtica econ\u00f3mica del Gobierno, con duras cr\u00edticas al d\u00f3lar Qatar: \u201cNi la Venezuela chavista tuvo tantos tipos de cambio\u201d.<\/p>\n\n\n\n<p>os cuestionamientos fueron en relaci\u00f3n al nuevo d\u00f3lar que aumenta los gastos de viajes en el exterior y que fue cuestionado por el jefe de gobierno porte\u00f1o Horacio Rodr\u00edguez Larreta, entre otros dirigentes de la oposici\u00f3n.<\/p>\n\n\n\n<p>Para la exdiputada, una de las referentes de Juntos por el Cambio, \u201cel fracaso del ministro de Econom\u00eda Sergio Massa para bajar la inflaci\u00f3n golpea a todos los sectores de la sociedad\u201d.<\/p>\n\n\n\n<p>Carri\u00f3 advirti\u00f3 en un comunicado que la falta de soluciones a problem\u00e1ticas como la alta inflaci\u00f3n genera \u201cun estr\u00e9s psicosocial de consecuencias imprevisibles para el estado econ\u00f3mico de la Naci\u00f3n\u201d<\/p>\n","protected":false},"excerpt":{"rendered":"<p>La l\u00edder de la Coalici\u00f3n C\u00edvica le hizo fuertes cuestionamientos al ministro de Econom\u00eda y advirti\u00f3 sobre la alta inflaci\u00f3n. La jefa de la Coalici\u00f3n C\u00edvica Elisa Carri\u00f3 y su partido se sumaron al rechazo de la oposici\u00f3n a la pol\u00edtica econ\u00f3mica del Gobierno, con duras cr\u00edticas al d\u00f3lar Qatar: \u201cNi la Venezuela chavista tuvo [&hellip;]<\/p>\n","protected":false},"author":2,"featured_media":46538,"comment_status":"open","ping_status":"open","sticky":false,"template":"","format":"standard","meta":{"tdm_status":"","tdm_grid_status":"","_joinchat":[],"footnotes":""},"categories":[59],"tags":[],"class_list":{"0":"post-46537","1":"post","2":"type-post","3":"status-publish","4":"format-standard","5":"has-post-thumbnail","7":"category-politica"},"amp_enabled":true,"_links":{"self":[{"href":"https:\/\/www.todoeldia.com\/index.php\/wp-json\/wp\/v2\/posts\/46537","targetHints":{"allow":["GET"]}}],"collection":[{"href":"https:\/\/www.todoeldia.com\/index.php\/wp-json\/wp\/v2\/posts"}],"about":[{"href":"https:\/\/www.todoeldia.com\/index.php\/wp-json\/wp\/v2\/types\/post"}],"author":[{"embeddable":true,"href":"https:\/\/www.todoeldia.com\/index.php\/wp-json\/wp\/v2\/users\/2"}],"replies":[{"embeddable":true,"href":"https:\/\/www.todoeldia.com\/index.php\/wp-json\/wp\/v2\/comments?post=46537"}],"version-history":[{"count":1,"href":"https:\/\/www.todoeldia.com\/index.php\/wp-json\/wp\/v2\/posts\/46537\/revisions"}],"predecessor-version":[{"id":46539,"href":"https:\/\/www.todoeldia.com\/index.php\/wp-json\/wp\/v2\/posts\/46537\/revisions\/46539"}],"wp:featuredmedia":[{"embeddable":true,"href":"https:\/\/www.todoeldia.com\/index.php\/wp-json\/wp\/v2\/media\/46538"}],"wp:attachment":[{"href":"https:\/\/www.todoeldia.com\/index.php\/wp-json\/wp\/v2\/media?parent=46537"}],"wp:term":[{"taxonomy":"category","embeddable":true,"href":"https:\/\/www.todoeldia.com\/index.php\/wp-json\/wp\/v2\/categories?post=46537"},{"taxonomy":"post_tag","embeddable":true,"href":"https:\/\/www.todoeldia.com\/index.php\/wp-json\/wp\/v2\/tags?post=46537"}],"curies":[{"name":"wp","href":"https:\/\/api.w.org\/{rel}","templated":true}]}}