{"id":46561,"date":"2022-10-13T09:41:10","date_gmt":"2022-10-13T12:41:10","guid":{"rendered":"https:\/\/www.todoeldia.com\/?p=46561"},"modified":"2022-10-13T09:41:11","modified_gmt":"2022-10-13T12:41:11","slug":"gerardo-morales-desdoblara-las-elecciones-en-jujuy-e-iran-por-separado-de-las-nacionales","status":"publish","type":"post","link":"https:\/\/www.todoeldia.com\/index.php\/2022\/10\/13\/gerardo-morales-desdoblara-las-elecciones-en-jujuy-e-iran-por-separado-de-las-nacionales\/","title":{"rendered":"Gerardo Morales desdoblar\u00e1 las elecciones en Jujuy e ir\u00e1n por separado de las nacionales"},"content":{"rendered":"\n<p>Adem\u00e1s, ese mismo d\u00eda se elegir\u00e1n los convencionales constituyentes que tendr\u00e1n a cargo la reforma de la Constituci\u00f3n local.<\/p>\n\n\n\n<p>El gobernador Gerardo Morales anunci\u00f3 este mi\u00e9rcoles el desdoblamiento de las elecciones de la provincia de Jujuy de las nacionales, en el marco de los pr\u00f3ximos comicios que se realizar\u00e1n en el 2023. Ese mismo d\u00eda, que a\u00fan no tiene fecha, se elegir\u00e1n los convencionales constituyentes que tendr\u00e1n a cargo la modernizaci\u00f3n de la Carta Magna de Jujuy.<\/p>\n\n\n\n<p>Seg\u00fan pudo saber Infobae, la decisi\u00f3n de desdoblar los comicios tiene que ver con que los argumentos de la reforma constitucional \u201cno se mezclen\u201d con la disputa nacional. Adem\u00e1s, en su entorno reconocieron que el objetivo es que los ciudadanos puedan \u201cjuzgar bien\u201d su Gobierno.<\/p>\n\n\n\n<p>No es la primera vez que Morales desdobla las elecciones, lo hizo tanto las legislativas como las ejecutivas. Sin embargo, es una medida que se comenz\u00f3 a implementar desde su llegada a la gobernaci\u00f3n, ya que el peronismo hab\u00eda estado en el poder, en sinton\u00eda con las entonces gestiones del kirchnerismo.<\/p>\n\n\n\n<p>El anuncio lo realiz\u00f3 Morales esta tarde en una conferencia que brind\u00f3 acompa\u00f1ado por el vicegobernador Carlos Haquim. Si bien no dio una fecha exacta, el propio presidente de la UCR estim\u00f3 que podr\u00edan realizarse entre el mes de marzo y mayo.<\/p>\n\n\n\n<p>All\u00ed ratific\u00f3 que no buscar\u00e1 un tercer mandato, incluso la reforma constitucional que impulsa se lo proh\u00edbe, pero adelant\u00f3 que hay \u201cvarios candidatos\u201d en primera l\u00ednea para sucederlo. \u201cQueremos seguir la transformaci\u00f3n por las d\u00e9cadas que vienen, buscando lo mejor para el pueblo de Jujuy, es decir no negociamos la paz lograda, ni el fin de la corrupci\u00f3n y de la violencia\u201d, explic\u00f3.<\/p>\n","protected":false},"excerpt":{"rendered":"<p>Adem\u00e1s, ese mismo d\u00eda se elegir\u00e1n los convencionales constituyentes que tendr\u00e1n a cargo la reforma de la Constituci\u00f3n local. El gobernador Gerardo Morales anunci\u00f3 este mi\u00e9rcoles el desdoblamiento de las elecciones de la provincia de Jujuy de las nacionales, en el marco de los pr\u00f3ximos comicios que se realizar\u00e1n en el 2023. Ese mismo d\u00eda, [&hellip;]<\/p>\n","protected":false},"author":2,"featured_media":46562,"comment_status":"open","ping_status":"open","sticky":false,"template":"","format":"standard","meta":{"tdm_status":"","tdm_grid_status":"","_joinchat":[],"footnotes":""},"categories":[59],"tags":[],"class_list":{"0":"post-46561","1":"post","2":"type-post","3":"status-publish","4":"format-standard","5":"has-post-thumbnail","7":"category-politica"},"amp_enabled":true,"_links":{"self":[{"href":"https:\/\/www.todoeldia.com\/index.php\/wp-json\/wp\/v2\/posts\/46561","targetHints":{"allow":["GET"]}}],"collection":[{"href":"https:\/\/www.todoeldia.com\/index.php\/wp-json\/wp\/v2\/posts"}],"about":[{"href":"https:\/\/www.todoeldia.com\/index.php\/wp-json\/wp\/v2\/types\/post"}],"author":[{"embeddable":true,"href":"https:\/\/www.todoeldia.com\/index.php\/wp-json\/wp\/v2\/users\/2"}],"replies":[{"embeddable":true,"href":"https:\/\/www.todoeldia.com\/index.php\/wp-json\/wp\/v2\/comments?post=46561"}],"version-history":[{"count":1,"href":"https:\/\/www.todoeldia.com\/index.php\/wp-json\/wp\/v2\/posts\/46561\/revisions"}],"predecessor-version":[{"id":46563,"href":"https:\/\/www.todoeldia.com\/index.php\/wp-json\/wp\/v2\/posts\/46561\/revisions\/46563"}],"wp:featuredmedia":[{"embeddable":true,"href":"https:\/\/www.todoeldia.com\/index.php\/wp-json\/wp\/v2\/media\/46562"}],"wp:attachment":[{"href":"https:\/\/www.todoeldia.com\/index.php\/wp-json\/wp\/v2\/media?parent=46561"}],"wp:term":[{"taxonomy":"category","embeddable":true,"href":"https:\/\/www.todoeldia.com\/index.php\/wp-json\/wp\/v2\/categories?post=46561"},{"taxonomy":"post_tag","embeddable":true,"href":"https:\/\/www.todoeldia.com\/index.php\/wp-json\/wp\/v2\/tags?post=46561"}],"curies":[{"name":"wp","href":"https:\/\/api.w.org\/{rel}","templated":true}]}}