{"id":46569,"date":"2022-10-13T09:50:12","date_gmt":"2022-10-13T12:50:12","guid":{"rendered":"https:\/\/www.todoeldia.com\/?p=46569"},"modified":"2022-10-13T09:50:13","modified_gmt":"2022-10-13T12:50:13","slug":"en-el-kirchnerismo-admiten-que-no-saben-que-hacer-con-las-paso","status":"publish","type":"post","link":"https:\/\/www.todoeldia.com\/index.php\/2022\/10\/13\/en-el-kirchnerismo-admiten-que-no-saben-que-hacer-con-las-paso\/","title":{"rendered":"En el kirchnerismo admiten que no saben qu\u00e9 hacer con las PASO"},"content":{"rendered":"\n<p>El oficialismo necesitar\u00e1 las Primarias para resolver los conflictos que crecen desde hace a\u00f1os en decenas de municipios bonaerenses.<\/p>\n\n\n\n<p>M\u00e1ximo Kirchner tuvo que blanquear el dato que desde hace varios d\u00edas circulaba en el Frente de Todos: en el oficialismo nadie sabe muy bien qu\u00e9 posici\u00f3n tomar frente a las PASO. El diputado confes\u00f3 el martes en un encuentro con dirigentes del PJ bonaerense que a\u00fan no tiene una decisi\u00f3n tomada sobre el modo en que se resolver\u00e1n las candidaturas del a\u00f1o que viene y por eso se postergaron los planes para impulsar la derogaci\u00f3n de la ley que obliga a hacer Primarias.<\/p>\n\n\n\n<p>En rigor, lo que nadie tiene claro es qu\u00e9 har\u00e1 Cristina Kirchner en 2023, y sin esa informaci\u00f3n b\u00e1sica las discusiones en la coalici\u00f3n de gobierno seguir\u00e1n girando en el aire, como ocurre con muchas de las decisiones que se amontonan en los cajones a la espera de que sobrevengan los acuerdos imprescindibles para encaminarlas.<\/p>\n\n\n\n<p>La posici\u00f3n que se reservar\u00e1 la vicepresidenta en las listas para 2023 ser\u00e1 determinante para los planes del oficialismo en varios escenarios.<\/p>\n\n\n\n<p>En primer lugar, si decide ser candidata a la presidencia, el Frente de Todos no har\u00e1 PASO competitivas a nivel nacional. Ah\u00ed no hay discusiones: hoy no hay ning\u00fan dirigente capaz de ganarle una interna. Es cierto que su techo de votantes la deja por ahora fuera de la competencia frente a Juntos por el Cambio en un comicio general, pero esa ser\u00e1 una discusi\u00f3n en segunda instancia. A su vez, siempre hay que tener en cuenta que Cristina Kirchner nunca habilit\u00f3 elecciones internas en un espacio propio. Si alg\u00fan miembro del Frente de Todos quiere competir con ella, deber\u00e1 hacerlo en una elecci\u00f3n general.<\/p>\n\n\n\n<p>A su vez, si no es candidata a Presidenta pero s\u00ed se postula para integrar la C\u00e1mara de Diputados por la Provincia de Buenos Aires, su voz seguir\u00e1 siendo determinante para armar la lista de postulantes habilitados para competir en las PASO oficialistas. Hasta hoy, lo \u00fanico que se sabe en el peronismo es que el candidato a gobernador ser\u00e1 Axel Kicillof. \u201cNo hay otro que pueda competir en ese rubro, eso est\u00e1 resuelto\u201d, le dijo a Clar\u00edn un funcionario del equipo del ex ministro de Econom\u00eda de Cristina.<\/p>\n","protected":false},"excerpt":{"rendered":"<p>El oficialismo necesitar\u00e1 las Primarias para resolver los conflictos que crecen desde hace a\u00f1os en decenas de municipios bonaerenses. M\u00e1ximo Kirchner tuvo que blanquear el dato que desde hace varios d\u00edas circulaba en el Frente de Todos: en el oficialismo nadie sabe muy bien qu\u00e9 posici\u00f3n tomar frente a las PASO. El diputado confes\u00f3 el [&hellip;]<\/p>\n","protected":false},"author":2,"featured_media":44192,"comment_status":"open","ping_status":"open","sticky":false,"template":"","format":"standard","meta":{"tdm_status":"","tdm_grid_status":"","_joinchat":[],"footnotes":""},"categories":[59],"tags":[],"class_list":{"0":"post-46569","1":"post","2":"type-post","3":"status-publish","4":"format-standard","5":"has-post-thumbnail","7":"category-politica"},"amp_enabled":true,"_links":{"self":[{"href":"https:\/\/www.todoeldia.com\/index.php\/wp-json\/wp\/v2\/posts\/46569","targetHints":{"allow":["GET"]}}],"collection":[{"href":"https:\/\/www.todoeldia.com\/index.php\/wp-json\/wp\/v2\/posts"}],"about":[{"href":"https:\/\/www.todoeldia.com\/index.php\/wp-json\/wp\/v2\/types\/post"}],"author":[{"embeddable":true,"href":"https:\/\/www.todoeldia.com\/index.php\/wp-json\/wp\/v2\/users\/2"}],"replies":[{"embeddable":true,"href":"https:\/\/www.todoeldia.com\/index.php\/wp-json\/wp\/v2\/comments?post=46569"}],"version-history":[{"count":1,"href":"https:\/\/www.todoeldia.com\/index.php\/wp-json\/wp\/v2\/posts\/46569\/revisions"}],"predecessor-version":[{"id":46570,"href":"https:\/\/www.todoeldia.com\/index.php\/wp-json\/wp\/v2\/posts\/46569\/revisions\/46570"}],"wp:featuredmedia":[{"embeddable":true,"href":"https:\/\/www.todoeldia.com\/index.php\/wp-json\/wp\/v2\/media\/44192"}],"wp:attachment":[{"href":"https:\/\/www.todoeldia.com\/index.php\/wp-json\/wp\/v2\/media?parent=46569"}],"wp:term":[{"taxonomy":"category","embeddable":true,"href":"https:\/\/www.todoeldia.com\/index.php\/wp-json\/wp\/v2\/categories?post=46569"},{"taxonomy":"post_tag","embeddable":true,"href":"https:\/\/www.todoeldia.com\/index.php\/wp-json\/wp\/v2\/tags?post=46569"}],"curies":[{"name":"wp","href":"https:\/\/api.w.org\/{rel}","templated":true}]}}