{"id":46571,"date":"2022-10-13T10:07:17","date_gmt":"2022-10-13T13:07:17","guid":{"rendered":"https:\/\/www.todoeldia.com\/?p=46571"},"modified":"2022-10-13T10:09:50","modified_gmt":"2022-10-13T13:09:50","slug":"los-wichi-nuevamente-se-van-caminando-a-salta-el-enojo-con-el-gobernador-saenz","status":"publish","type":"post","link":"https:\/\/www.todoeldia.com\/index.php\/2022\/10\/13\/los-wichi-nuevamente-se-van-caminando-a-salta-el-enojo-con-el-gobernador-saenz\/","title":{"rendered":"Los Wichi nuevamente se van caminando a Salta: el enojo con el gobernador S\u00e1enz"},"content":{"rendered":"\n<p>En noviembre del a\u00f1o pasado cuando la Comunidad Wichi de Santa Victoria Este marchaba caminando a Salta capital, fueron frenados por el Gobernador Gustavo S\u00e1enz que lleg\u00f3 al cruce de Pichanal y se sent\u00f3 en el suelo con ellos atendiendo sus reclamos.<\/p>\n\n\n\n<p>Pero ante las promesas incumplidas y con la ruta con importante despliegue policial hoy, decidieron emprender nuevamente el camino a la capital provincial.<\/p>\n\n\n\n<figure class=\"wp-block-image size-full is-resized\"><img loading=\"lazy\" decoding=\"async\" src=\"https:\/\/www.todoeldia.com\/wp-content\/uploads\/2022\/10\/saenz-con-cacique.jpg\" alt=\"\" class=\"wp-image-46574\" width=\"1058\" height=\"932\"\/><\/figure>\n\n\n\n<p>Luego de dos d\u00edas de corte de ruta total en la Rotonda de Pichanal, hoy el sector amaneci\u00f3 con un importante despliegue de la polic\u00eda para evitar que los integrantes de las comunidades impidan la circulaci\u00f3n vehicular, realiz\u00e1ndose una Asamblea y decidiendo emprender nuevamente la marcha caminando a Salta capital para que atiendan su pedido.<\/p>\n\n\n\n<p>El pedido es que les respeten la titularidad de las tierras como originarios, algo que se hab\u00eda comprometido el propio gobernador Gustavo S\u00e1enz cuando llegaba al Cruce de Pichanal el a\u00f1o pasado en noviembre, pero dicen los caciques eso nunca se hizo efectivo. \u201cNo cumpli\u00f3 lo que hab\u00edamos hablado\u201d sostuvo uno de los caciques.<\/p>\n\n\n\n<p>Ahora, los Wichi emprender\u00e1n nuevamente caminata a Salta capital.<\/p>\n\n\n\n<p>FM G\u00fcemes Or\u00e1n<\/p>\n","protected":false},"excerpt":{"rendered":"<p>En noviembre del a\u00f1o pasado cuando la Comunidad Wichi de Santa Victoria Este marchaba caminando a Salta capital, fueron frenados por el Gobernador Gustavo S\u00e1enz que lleg\u00f3 al cruce de Pichanal y se sent\u00f3 en el suelo con ellos atendiendo sus reclamos. Pero ante las promesas incumplidas y con la ruta con importante despliegue policial [&hellip;]<\/p>\n","protected":false},"author":2,"featured_media":46572,"comment_status":"open","ping_status":"open","sticky":false,"template":"","format":"standard","meta":{"tdm_status":"","tdm_grid_status":"","_joinchat":[],"footnotes":""},"categories":[73],"tags":[],"class_list":{"0":"post-46571","1":"post","2":"type-post","3":"status-publish","4":"format-standard","5":"has-post-thumbnail","7":"category-noticias-general"},"amp_enabled":true,"_links":{"self":[{"href":"https:\/\/www.todoeldia.com\/index.php\/wp-json\/wp\/v2\/posts\/46571","targetHints":{"allow":["GET"]}}],"collection":[{"href":"https:\/\/www.todoeldia.com\/index.php\/wp-json\/wp\/v2\/posts"}],"about":[{"href":"https:\/\/www.todoeldia.com\/index.php\/wp-json\/wp\/v2\/types\/post"}],"author":[{"embeddable":true,"href":"https:\/\/www.todoeldia.com\/index.php\/wp-json\/wp\/v2\/users\/2"}],"replies":[{"embeddable":true,"href":"https:\/\/www.todoeldia.com\/index.php\/wp-json\/wp\/v2\/comments?post=46571"}],"version-history":[{"count":2,"href":"https:\/\/www.todoeldia.com\/index.php\/wp-json\/wp\/v2\/posts\/46571\/revisions"}],"predecessor-version":[{"id":46575,"href":"https:\/\/www.todoeldia.com\/index.php\/wp-json\/wp\/v2\/posts\/46571\/revisions\/46575"}],"wp:featuredmedia":[{"embeddable":true,"href":"https:\/\/www.todoeldia.com\/index.php\/wp-json\/wp\/v2\/media\/46572"}],"wp:attachment":[{"href":"https:\/\/www.todoeldia.com\/index.php\/wp-json\/wp\/v2\/media?parent=46571"}],"wp:term":[{"taxonomy":"category","embeddable":true,"href":"https:\/\/www.todoeldia.com\/index.php\/wp-json\/wp\/v2\/categories?post=46571"},{"taxonomy":"post_tag","embeddable":true,"href":"https:\/\/www.todoeldia.com\/index.php\/wp-json\/wp\/v2\/tags?post=46571"}],"curies":[{"name":"wp","href":"https:\/\/api.w.org\/{rel}","templated":true}]}}