{"id":46649,"date":"2022-10-13T20:33:26","date_gmt":"2022-10-13T23:33:26","guid":{"rendered":"https:\/\/www.todoeldia.com\/?p=46649"},"modified":"2022-10-13T20:35:02","modified_gmt":"2022-10-13T23:35:02","slug":"ranking-de-imagen-negativa-de-los-politicos-en-base-al-promedio-de-10-encuestas-nacionales","status":"publish","type":"post","link":"https:\/\/www.todoeldia.com\/index.php\/2022\/10\/13\/ranking-de-imagen-negativa-de-los-politicos-en-base-al-promedio-de-10-encuestas-nacionales\/","title":{"rendered":"Ranking de imagen negativa de los pol\u00edticos en base al promedio de 10 encuestas nacionales"},"content":{"rendered":"\n<p>En Clar\u00edn hicieron un ranking de imagen negativa, tomando un promedio de datos de las \u00faltimas 10 encuestas nacionales.<\/p>\n\n\n\n<figure class=\"wp-block-image size-full is-resized\"><img loading=\"lazy\" decoding=\"async\" src=\"https:\/\/www.todoeldia.com\/wp-content\/uploads\/2022\/10\/ranking-de-imagen-negativa-1.jpg\" alt=\"\" class=\"wp-image-46653\" width=\"908\" height=\"628\" srcset=\"https:\/\/www.todoeldia.com\/wp-content\/uploads\/2022\/10\/ranking-de-imagen-negativa-1-218x150.jpg 218w, https:\/\/www.todoeldia.com\/wp-content\/uploads\/2022\/10\/ranking-de-imagen-negativa-1-100x70.jpg 100w\" sizes=\"auto, (max-width: 908px) 100vw, 908px\" \/><\/figure>\n\n\n\n<p> Alberto, el peor. Manes, el mejor (su tal\u00f3n de Aquiles sigue siendo el nivel de conocimiento).<\/p>\n","protected":false},"excerpt":{"rendered":"<p>En Clar\u00edn hicieron un ranking de imagen negativa, tomando un promedio de datos de las \u00faltimas 10 encuestas nacionales. Alberto, el peor. Manes, el mejor (su tal\u00f3n de Aquiles sigue siendo el nivel de conocimiento).<\/p>\n","protected":false},"author":2,"featured_media":35761,"comment_status":"open","ping_status":"open","sticky":false,"template":"","format":"standard","meta":{"tdm_status":"","tdm_grid_status":"","_joinchat":[],"footnotes":""},"categories":[59],"tags":[],"class_list":{"0":"post-46649","1":"post","2":"type-post","3":"status-publish","4":"format-standard","5":"has-post-thumbnail","7":"category-politica"},"amp_enabled":true,"_links":{"self":[{"href":"https:\/\/www.todoeldia.com\/index.php\/wp-json\/wp\/v2\/posts\/46649","targetHints":{"allow":["GET"]}}],"collection":[{"href":"https:\/\/www.todoeldia.com\/index.php\/wp-json\/wp\/v2\/posts"}],"about":[{"href":"https:\/\/www.todoeldia.com\/index.php\/wp-json\/wp\/v2\/types\/post"}],"author":[{"embeddable":true,"href":"https:\/\/www.todoeldia.com\/index.php\/wp-json\/wp\/v2\/users\/2"}],"replies":[{"embeddable":true,"href":"https:\/\/www.todoeldia.com\/index.php\/wp-json\/wp\/v2\/comments?post=46649"}],"version-history":[{"count":2,"href":"https:\/\/www.todoeldia.com\/index.php\/wp-json\/wp\/v2\/posts\/46649\/revisions"}],"predecessor-version":[{"id":46654,"href":"https:\/\/www.todoeldia.com\/index.php\/wp-json\/wp\/v2\/posts\/46649\/revisions\/46654"}],"wp:featuredmedia":[{"embeddable":true,"href":"https:\/\/www.todoeldia.com\/index.php\/wp-json\/wp\/v2\/media\/35761"}],"wp:attachment":[{"href":"https:\/\/www.todoeldia.com\/index.php\/wp-json\/wp\/v2\/media?parent=46649"}],"wp:term":[{"taxonomy":"category","embeddable":true,"href":"https:\/\/www.todoeldia.com\/index.php\/wp-json\/wp\/v2\/categories?post=46649"},{"taxonomy":"post_tag","embeddable":true,"href":"https:\/\/www.todoeldia.com\/index.php\/wp-json\/wp\/v2\/tags?post=46649"}],"curies":[{"name":"wp","href":"https:\/\/api.w.org\/{rel}","templated":true}]}}