{"id":46655,"date":"2022-10-13T20:53:35","date_gmt":"2022-10-13T23:53:35","guid":{"rendered":"https:\/\/www.todoeldia.com\/?p=46655"},"modified":"2022-10-13T20:56:26","modified_gmt":"2022-10-13T23:56:26","slug":"4-anos-de-prision-por-agredir-al-padre-que-queria-terminar-una-pelea-entre-hermanos","status":"publish","type":"post","link":"https:\/\/www.todoeldia.com\/index.php\/2022\/10\/13\/4-anos-de-prision-por-agredir-al-padre-que-queria-terminar-una-pelea-entre-hermanos\/","title":{"rendered":"4 a\u00f1os preso: golpe\u00f3 al padre que luego muri\u00f3 cuando intentaba parar una pelea entre hermanos"},"content":{"rendered":"\n<p>El hecho ocurri\u00f3 el pasado 14 de marzo en barrio Cha\u00f1arcito, en San Antonio de los Cobres cuando el acusado agredi\u00f3 a su padre cuando intento separar sus hijos que peleaban.<\/p>\n\n\n\n<p>El fiscal penal 1 de la Unidad de Graves Atentados contra las Personas, Leandro Flores, represent\u00f3 al Ministerio P\u00fablico Fiscal ante la Sala IV del Tribunal de Juicio del distrito Centro, en la audiencia de juicio abreviado contra Miguel Eduardo Ramos por el delito de homicidio preterintencional en concurso ideal con desobediencia judicial.<\/p>\n\n\n\n<p>El hecho investigado ocurri\u00f3 el pasado 14 de marzo en barrio Cha\u00f1arcito de la localidad de San Antonio de los Cobres, cuando el acusado, pese a tener medidas de restricci\u00f3n respecto a su padre y exclusi\u00f3n del hogar, se encontraba en la vivienda ingiriendo bebidas alcoh\u00f3licas junto a un hermano.<\/p>\n\n\n\n<p>En determinado momento se produjo una discusi\u00f3n entre los hermanos y cuando el padre intervino, fue agredido f\u00edsicamente por el acusado. Fue asistido en el hospital local, donde se evidenciaron s\u00edntomas de un accidente cerebrovascular, por lo que fue derivado al hospital San Bernardo, donde falleci\u00f3 luego con diagn\u00f3stico de traumatismo enc\u00e9falocraneano grave.<\/p>\n\n\n\n<p>El juez Maximiliano Troyano, luego de recibir la confesi\u00f3n del acusado, le impuso una pena de 4 a\u00f1os de prisi\u00f3n efectiva.<\/p>\n","protected":false},"excerpt":{"rendered":"<p>El hecho ocurri\u00f3 el pasado 14 de marzo en barrio Cha\u00f1arcito, en San Antonio de los Cobres cuando el acusado agredi\u00f3 a su padre cuando intento separar sus hijos que peleaban. El fiscal penal 1 de la Unidad de Graves Atentados contra las Personas, Leandro Flores, represent\u00f3 al Ministerio P\u00fablico Fiscal ante la Sala IV [&hellip;]<\/p>\n","protected":false},"author":2,"featured_media":35751,"comment_status":"open","ping_status":"open","sticky":false,"template":"","format":"standard","meta":{"tdm_status":"","tdm_grid_status":"","_joinchat":[],"footnotes":""},"categories":[63],"tags":[],"class_list":{"0":"post-46655","1":"post","2":"type-post","3":"status-publish","4":"format-standard","5":"has-post-thumbnail","7":"category-policiales"},"amp_enabled":true,"_links":{"self":[{"href":"https:\/\/www.todoeldia.com\/index.php\/wp-json\/wp\/v2\/posts\/46655","targetHints":{"allow":["GET"]}}],"collection":[{"href":"https:\/\/www.todoeldia.com\/index.php\/wp-json\/wp\/v2\/posts"}],"about":[{"href":"https:\/\/www.todoeldia.com\/index.php\/wp-json\/wp\/v2\/types\/post"}],"author":[{"embeddable":true,"href":"https:\/\/www.todoeldia.com\/index.php\/wp-json\/wp\/v2\/users\/2"}],"replies":[{"embeddable":true,"href":"https:\/\/www.todoeldia.com\/index.php\/wp-json\/wp\/v2\/comments?post=46655"}],"version-history":[{"count":2,"href":"https:\/\/www.todoeldia.com\/index.php\/wp-json\/wp\/v2\/posts\/46655\/revisions"}],"predecessor-version":[{"id":46658,"href":"https:\/\/www.todoeldia.com\/index.php\/wp-json\/wp\/v2\/posts\/46655\/revisions\/46658"}],"wp:featuredmedia":[{"embeddable":true,"href":"https:\/\/www.todoeldia.com\/index.php\/wp-json\/wp\/v2\/media\/35751"}],"wp:attachment":[{"href":"https:\/\/www.todoeldia.com\/index.php\/wp-json\/wp\/v2\/media?parent=46655"}],"wp:term":[{"taxonomy":"category","embeddable":true,"href":"https:\/\/www.todoeldia.com\/index.php\/wp-json\/wp\/v2\/categories?post=46655"},{"taxonomy":"post_tag","embeddable":true,"href":"https:\/\/www.todoeldia.com\/index.php\/wp-json\/wp\/v2\/tags?post=46655"}],"curies":[{"name":"wp","href":"https:\/\/api.w.org\/{rel}","templated":true}]}}