{"id":46669,"date":"2022-10-14T10:08:00","date_gmt":"2022-10-14T13:08:00","guid":{"rendered":"https:\/\/www.todoeldia.com\/?p=46669"},"modified":"2022-10-14T10:08:01","modified_gmt":"2022-10-14T13:08:01","slug":"elevaron-a-juicio-el-homicidio-del-peluquero-victor-cordoba-en-metan","status":"publish","type":"post","link":"https:\/\/www.todoeldia.com\/index.php\/2022\/10\/14\/elevaron-a-juicio-el-homicidio-del-peluquero-victor-cordoba-en-metan\/","title":{"rendered":"Elevaron a juicio el homicidio del peluquero Victor C\u00f3rdoba en Met\u00e1n"},"content":{"rendered":"\n<p>El juez de Garant\u00edas 2 de Met\u00e1n, Mario Dilascio, orden\u00f3 la elevaci\u00f3n a juicio de la causa que se sigue por el homicidio de V\u00edctor Ren\u00e9 C\u00f3rdoba (27).<\/p>\n\n\n\n<p>En la causa, Jos\u00e9 Luis Peralta y su hija, Macarena Soledad Peralta, est\u00e1n acusados del delito de homicidio calificado.<\/p>\n\n\n\n<p>La causa ser\u00e1 remitida a la Mesa Distribuidora de Expedientes Penales, que sortear\u00e1 el Tribunal que continuar\u00e1 con el tr\u00e1mite de la causa. En tanto, los dos acusados continuar\u00e1n detenidos.<\/p>\n\n\n\n<figure class=\"wp-block-image size-full is-resized\"><img loading=\"lazy\" decoding=\"async\" src=\"https:\/\/www.todoeldia.com\/wp-content\/uploads\/2022\/09\/macarena-peralta-y-su-padre.jpg\" alt=\"\" class=\"wp-image-45177\" width=\"1062\" height=\"614\"\/><figcaption>Macarena y su padre Jos\u00e9 Luis Peralta, ambos acusados del homicidio de V\u00edctor C\u00f3rdoba<\/figcaption><\/figure>\n\n\n\n<p>El lunes 18 de abril de este a\u00f1o, la v\u00edctima ingres\u00f3 al hospital con heridas de arma blanca. En el lugar, personal policial se entrevist\u00f3 con un amigo del joven, que cont\u00f3 que esa tarde lo llam\u00f3 por tel\u00e9fono y le cont\u00f3 que su suegro, Jos\u00e9 Luis Peralta, le hab\u00eda encontrado unos mensajes en el celular y que luego lo comenz\u00f3 a agredir. Agreg\u00f3 que en ese momento su pareja comenz\u00f3 a provocarle heridas con un cuchillo en el cuello y en el rostro. Finalmente le solicit\u00f3 que lo busque en el R\u00edo Concha, pero al dirigirse al lugar lo encontr\u00f3 muy nervioso y con dificultad para respirar.<\/p>\n\n\n\n<p>C\u00f3rdoba fue trasladado al Hospital San Bernardo, en la ciudad de Salta, donde finalmente falleci\u00f3 cuatro d\u00edas despu\u00e9s como consecuencia de las lesiones sufridas. La v\u00edctima ten\u00eda tres hijos, uno de ellos con su actual pareja.<\/p>\n\n\n\n<p>Los dos acusados fueron detenidos el d\u00eda del hecho, imputados provisoriamente del delito de lesiones graves, pero luego de haber acontecido la muerte de la v\u00edctima, la fiscal\u00eda ampli\u00f3 la acusaci\u00f3n y calific\u00f3 el hecho como homicidio calificado.<\/p>\n","protected":false},"excerpt":{"rendered":"<p>El juez de Garant\u00edas 2 de Met\u00e1n, Mario Dilascio, orden\u00f3 la elevaci\u00f3n a juicio de la causa que se sigue por el homicidio de V\u00edctor Ren\u00e9 C\u00f3rdoba (27). En la causa, Jos\u00e9 Luis Peralta y su hija, Macarena Soledad Peralta, est\u00e1n acusados del delito de homicidio calificado. La causa ser\u00e1 remitida a la Mesa Distribuidora [&hellip;]<\/p>\n","protected":false},"author":2,"featured_media":43687,"comment_status":"open","ping_status":"open","sticky":false,"template":"","format":"standard","meta":{"tdm_status":"","tdm_grid_status":"","_joinchat":[],"footnotes":""},"categories":[63],"tags":[],"class_list":{"0":"post-46669","1":"post","2":"type-post","3":"status-publish","4":"format-standard","5":"has-post-thumbnail","7":"category-policiales"},"amp_enabled":true,"_links":{"self":[{"href":"https:\/\/www.todoeldia.com\/index.php\/wp-json\/wp\/v2\/posts\/46669","targetHints":{"allow":["GET"]}}],"collection":[{"href":"https:\/\/www.todoeldia.com\/index.php\/wp-json\/wp\/v2\/posts"}],"about":[{"href":"https:\/\/www.todoeldia.com\/index.php\/wp-json\/wp\/v2\/types\/post"}],"author":[{"embeddable":true,"href":"https:\/\/www.todoeldia.com\/index.php\/wp-json\/wp\/v2\/users\/2"}],"replies":[{"embeddable":true,"href":"https:\/\/www.todoeldia.com\/index.php\/wp-json\/wp\/v2\/comments?post=46669"}],"version-history":[{"count":1,"href":"https:\/\/www.todoeldia.com\/index.php\/wp-json\/wp\/v2\/posts\/46669\/revisions"}],"predecessor-version":[{"id":46670,"href":"https:\/\/www.todoeldia.com\/index.php\/wp-json\/wp\/v2\/posts\/46669\/revisions\/46670"}],"wp:featuredmedia":[{"embeddable":true,"href":"https:\/\/www.todoeldia.com\/index.php\/wp-json\/wp\/v2\/media\/43687"}],"wp:attachment":[{"href":"https:\/\/www.todoeldia.com\/index.php\/wp-json\/wp\/v2\/media?parent=46669"}],"wp:term":[{"taxonomy":"category","embeddable":true,"href":"https:\/\/www.todoeldia.com\/index.php\/wp-json\/wp\/v2\/categories?post=46669"},{"taxonomy":"post_tag","embeddable":true,"href":"https:\/\/www.todoeldia.com\/index.php\/wp-json\/wp\/v2\/tags?post=46669"}],"curies":[{"name":"wp","href":"https:\/\/api.w.org\/{rel}","templated":true}]}}