{"id":4676,"date":"2020-09-03T19:59:12","date_gmt":"2020-09-03T22:59:12","guid":{"rendered":"https:\/\/www.todoeldia.com\/?p=4676"},"modified":"2020-09-03T19:59:13","modified_gmt":"2020-09-03T22:59:13","slug":"saenz-presento-en-oran-el-samec-y-entrego-dos-ambulancias","status":"publish","type":"post","link":"https:\/\/www.todoeldia.com\/index.php\/2020\/09\/03\/saenz-presento-en-oran-el-samec-y-entrego-dos-ambulancias\/","title":{"rendered":"S\u00e1enz presento en Or\u00e1n el SAMEC y entreg\u00f3 dos ambulancias"},"content":{"rendered":"\n<p>En su visita a la ciudad de San Ram\u00f3n de la Nueva Oran el Gobernador Gustavo S\u00e1enz present\u00f3 el SAMEC Interior con la entrega de 2 ambulancias de alta complejidad para la base operativa de Or\u00e1n. Las llaves de las unidades fueron recibidas por el gerente del hospital San Vicente de Paul, Marcos Espinoza. Se resalt\u00f3 que el hospital cabecero de Or\u00e1n tiene el 80% de las camas dotadas con equipos de ox\u00edgeno.<\/p>\n\n\n\n<p>\u201cSeguimos trabajando para que el sistema de salud llegue a cada rinc\u00f3n de la provincia\u201d, afirm\u00f3 el mandatario durante la recorrida realizada en la escuela Osvaldo Pos de esa localidad. El establecimiento educativo se adapt\u00f3 como centro de baja y mediana complejidad para pacientes COVID-19, se instal\u00f3 una m\u00e1quina generadora de ox\u00edgeno \u00fanica en el interior y se provey\u00f3 de los insumos necesarios.<\/p>\n\n\n\n<p>S\u00e1enz estuvo acompa\u00f1ado por la ministra de Salud P\u00fablica&nbsp;Josefina Medrano&nbsp;y el de Gobierno, Derechos Humanos, Trabajo y Justicia&nbsp;Ricardo Villada.&nbsp;<\/p>\n\n\n\n<p>La cobertura de atenci\u00f3n en emergencias y urgencias del SAMEC es tanto para la ciudad cabecera de Or\u00e1n, como para el radio urbano. Se apoyar\u00e1 as\u00ed los traslados de alta complejidad en todas las \u00e1reas operativas de la zona, tanto por v\u00eda terrestre como a\u00e9rea.<\/p>\n\n\n\n<p>S\u00e1enz reiter\u00f3 la decisi\u00f3n del Gobierno provincial de estar trabajando en todos los lugares \u201cdonde m\u00e1s nos necesiten, que es lo que exige nuestra responsabilidad\u201d.<\/p>\n\n\n\n<p>Tambi\u00e9n acompa\u00f1aron al gobernador el senador Juan Cruz Cur\u00e1 y la diputada Patricia Hucena.<\/p>\n","protected":false},"excerpt":{"rendered":"<p>En su visita a la ciudad de San Ram\u00f3n de la Nueva Oran el Gobernador Gustavo S\u00e1enz present\u00f3 el SAMEC Interior con la entrega de 2 ambulancias de alta complejidad para la base operativa de Or\u00e1n. Las llaves de las unidades fueron recibidas por el gerente del hospital San Vicente de Paul, Marcos Espinoza. Se [&hellip;]<\/p>\n","protected":false},"author":2,"featured_media":4677,"comment_status":"open","ping_status":"open","sticky":false,"template":"","format":"standard","meta":{"tdm_status":"","tdm_grid_status":"","_joinchat":[],"footnotes":""},"categories":[69],"tags":[],"class_list":{"0":"post-4676","1":"post","2":"type-post","3":"status-publish","4":"format-standard","5":"has-post-thumbnail","7":"category-salta"},"amp_enabled":true,"_links":{"self":[{"href":"https:\/\/www.todoeldia.com\/index.php\/wp-json\/wp\/v2\/posts\/4676","targetHints":{"allow":["GET"]}}],"collection":[{"href":"https:\/\/www.todoeldia.com\/index.php\/wp-json\/wp\/v2\/posts"}],"about":[{"href":"https:\/\/www.todoeldia.com\/index.php\/wp-json\/wp\/v2\/types\/post"}],"author":[{"embeddable":true,"href":"https:\/\/www.todoeldia.com\/index.php\/wp-json\/wp\/v2\/users\/2"}],"replies":[{"embeddable":true,"href":"https:\/\/www.todoeldia.com\/index.php\/wp-json\/wp\/v2\/comments?post=4676"}],"version-history":[{"count":1,"href":"https:\/\/www.todoeldia.com\/index.php\/wp-json\/wp\/v2\/posts\/4676\/revisions"}],"predecessor-version":[{"id":4678,"href":"https:\/\/www.todoeldia.com\/index.php\/wp-json\/wp\/v2\/posts\/4676\/revisions\/4678"}],"wp:featuredmedia":[{"embeddable":true,"href":"https:\/\/www.todoeldia.com\/index.php\/wp-json\/wp\/v2\/media\/4677"}],"wp:attachment":[{"href":"https:\/\/www.todoeldia.com\/index.php\/wp-json\/wp\/v2\/media?parent=4676"}],"wp:term":[{"taxonomy":"category","embeddable":true,"href":"https:\/\/www.todoeldia.com\/index.php\/wp-json\/wp\/v2\/categories?post=4676"},{"taxonomy":"post_tag","embeddable":true,"href":"https:\/\/www.todoeldia.com\/index.php\/wp-json\/wp\/v2\/tags?post=4676"}],"curies":[{"name":"wp","href":"https:\/\/api.w.org\/{rel}","templated":true}]}}