{"id":4689,"date":"2020-09-03T20:17:45","date_gmt":"2020-09-03T23:17:45","guid":{"rendered":"https:\/\/www.todoeldia.com\/?p=4689"},"modified":"2020-09-03T20:17:46","modified_gmt":"2020-09-03T23:17:46","slug":"el-hospital-de-tartagal-aplica-un-nuevo-tratamiento-nebulizador-con-ibuprofeno-sodico-para-pacientes-con-covid","status":"publish","type":"post","link":"https:\/\/www.todoeldia.com\/index.php\/2020\/09\/03\/el-hospital-de-tartagal-aplica-un-nuevo-tratamiento-nebulizador-con-ibuprofeno-sodico-para-pacientes-con-covid\/","title":{"rendered":"El hospital de Tartagal aplica un nuevo tratamiento nebulizador con Ibuprofeno s\u00f3dico para pacientes con Covid."},"content":{"rendered":"\n<p>El gerente del hospital Juan Domingo Per\u00f3n de Tartagal,&nbsp;Dr. Ram\u00f3n L\u00f3pez, confirm\u00f3 que ya est\u00e1n realizando tratamientos con \u00abIbuprofeno S\u00f3dico\u00bb, una nueva terapia, que se realiza a trav\u00e9s de nebulizaci\u00f3n aplicando unas ampollas que contienen ese medicamento y con lo que se espera mitigar, los s\u00edntomas m\u00e1s graves de Coronavirus, como las dificultades respiratorias severas.<\/p>\n\n\n\n<p>Este tratamiento se aplica en pacientes que se encuentran internados por COVID-19 y que atraviesan un estad\u00edo m\u00e1s comprometido de la enfermedad.<\/p>\n\n\n\n<p>En cuanto a la situaci\u00f3n actual, el Gerente del hospital, considera que lo peor de la Pandemia, ya habr\u00eda pasado y dijo que, si bien todav\u00eda hay muchas personas aisladas, pero los s\u00edntomas que presentan son leves. Tambi\u00e9n disminuyeron las consultas en las guardias de Covid por lo que habr\u00edamos pasado el cimbronazo de los \u00faltimos meses.<\/p>\n","protected":false},"excerpt":{"rendered":"<p>El gerente del hospital Juan Domingo Per\u00f3n de Tartagal,&nbsp;Dr. Ram\u00f3n L\u00f3pez, confirm\u00f3 que ya est\u00e1n realizando tratamientos con \u00abIbuprofeno S\u00f3dico\u00bb, una nueva terapia, que se realiza a trav\u00e9s de nebulizaci\u00f3n aplicando unas ampollas que contienen ese medicamento y con lo que se espera mitigar, los s\u00edntomas m\u00e1s graves de Coronavirus, como las dificultades respiratorias severas. [&hellip;]<\/p>\n","protected":false},"author":2,"featured_media":4690,"comment_status":"open","ping_status":"open","sticky":false,"template":"","format":"standard","meta":{"tdm_status":"","tdm_grid_status":"","_joinchat":[],"footnotes":""},"categories":[65],"tags":[],"class_list":{"0":"post-4689","1":"post","2":"type-post","3":"status-publish","4":"format-standard","5":"has-post-thumbnail","7":"category-coronavirus"},"amp_enabled":true,"_links":{"self":[{"href":"https:\/\/www.todoeldia.com\/index.php\/wp-json\/wp\/v2\/posts\/4689","targetHints":{"allow":["GET"]}}],"collection":[{"href":"https:\/\/www.todoeldia.com\/index.php\/wp-json\/wp\/v2\/posts"}],"about":[{"href":"https:\/\/www.todoeldia.com\/index.php\/wp-json\/wp\/v2\/types\/post"}],"author":[{"embeddable":true,"href":"https:\/\/www.todoeldia.com\/index.php\/wp-json\/wp\/v2\/users\/2"}],"replies":[{"embeddable":true,"href":"https:\/\/www.todoeldia.com\/index.php\/wp-json\/wp\/v2\/comments?post=4689"}],"version-history":[{"count":1,"href":"https:\/\/www.todoeldia.com\/index.php\/wp-json\/wp\/v2\/posts\/4689\/revisions"}],"predecessor-version":[{"id":4691,"href":"https:\/\/www.todoeldia.com\/index.php\/wp-json\/wp\/v2\/posts\/4689\/revisions\/4691"}],"wp:featuredmedia":[{"embeddable":true,"href":"https:\/\/www.todoeldia.com\/index.php\/wp-json\/wp\/v2\/media\/4690"}],"wp:attachment":[{"href":"https:\/\/www.todoeldia.com\/index.php\/wp-json\/wp\/v2\/media?parent=4689"}],"wp:term":[{"taxonomy":"category","embeddable":true,"href":"https:\/\/www.todoeldia.com\/index.php\/wp-json\/wp\/v2\/categories?post=4689"},{"taxonomy":"post_tag","embeddable":true,"href":"https:\/\/www.todoeldia.com\/index.php\/wp-json\/wp\/v2\/tags?post=4689"}],"curies":[{"name":"wp","href":"https:\/\/api.w.org\/{rel}","templated":true}]}}