{"id":47177,"date":"2022-10-24T10:12:12","date_gmt":"2022-10-24T13:12:12","guid":{"rendered":"https:\/\/www.todoeldia.com\/?p=47177"},"modified":"2022-10-24T10:12:14","modified_gmt":"2022-10-24T13:12:14","slug":"son-9-los-detenidos-por-el-crimen-de-adrian-barca-en-tartagal","status":"publish","type":"post","link":"https:\/\/www.todoeldia.com\/index.php\/2022\/10\/24\/son-9-los-detenidos-por-el-crimen-de-adrian-barca-en-tartagal\/","title":{"rendered":"Son 9 los detenidos por el crimen de Adri\u00e1n Barca en Tartagal"},"content":{"rendered":"\n<p>Siete hombres y dos mujeres fueron detenidos e imputados por el homicidio de un hombre de 22 a\u00f1os, ocurrido el pasado 20 de agosto. Declar\u00f3 uno de los acusados y se solicit\u00f3 que se mantenga la detenci\u00f3n de los 9 acusados.<\/p>\n\n\n\n<figure class=\"wp-block-image size-full is-resized\"><img loading=\"lazy\" decoding=\"async\" src=\"https:\/\/www.todoeldia.com\/wp-content\/uploads\/2022\/10\/image-113.png\" alt=\"\" class=\"wp-image-47180\" width=\"916\" height=\"883\"\/><\/figure>\n\n\n\n<p>El fiscal penal, Gonzalo Vega, imput\u00f3 en forma provisional a siete hombres y dos mujeres mayores de edad como coautores del delito de homicidio agravado por el uso de arma de fuego en perjuicio de Adri\u00e1n Barca, ocurrido el pasado 20 de agosto sobre calle 12 de octubre de la ciudad de Tartagal, cuando luego de recibir heridas de arma de fuego, falleci\u00f3.<\/p>\n\n\n\n<p>Ocho de los acusados se abstuvieron de declarar y 1 de ellos neg\u00f3 su participaci\u00f3n en el hecho. Desde la Fiscal\u00eda se solicit\u00f3 al Juzgado de Garant\u00edas interviniente que se mantenga su detenci\u00f3n.<\/p>\n\n\n\n<figure class=\"wp-block-image size-full\"><img loading=\"lazy\" decoding=\"async\" width=\"687\" height=\"376\" src=\"https:\/\/www.todoeldia.com\/wp-content\/uploads\/2022\/10\/image-112.png\" alt=\"\" class=\"wp-image-47178\" srcset=\"https:\/\/www.todoeldia.com\/wp-content\/uploads\/2022\/10\/image-112.png 687w, https:\/\/www.todoeldia.com\/wp-content\/uploads\/2022\/10\/image-112-300x164.png 300w\" sizes=\"auto, (max-width: 687px) 100vw, 687px\" \/><\/figure>\n\n\n\n<p>Los acusados habr\u00edan interceptado con dos autom\u00f3viles al fallecido, que circulaba en su motocicleta, y le habr\u00edan efectuado disparos de arma de fuego, provocando su deceso.<\/p>\n\n\n\n<p>Estas personas fueron detenidas en el marco de 9 allanamientos realizados con orden del juez de Garant\u00edas 2 de ese distrito, donde se secuestraron numerosos elementos de inter\u00e9s para la causa, entre celulares y veh\u00edculos.<\/p>\n","protected":false},"excerpt":{"rendered":"<p>Siete hombres y dos mujeres fueron detenidos e imputados por el homicidio de un hombre de 22 a\u00f1os, ocurrido el pasado 20 de agosto. Declar\u00f3 uno de los acusados y se solicit\u00f3 que se mantenga la detenci\u00f3n de los 9 acusados. El fiscal penal, Gonzalo Vega, imput\u00f3 en forma provisional a siete hombres y dos [&hellip;]<\/p>\n","protected":false},"author":2,"featured_media":47179,"comment_status":"open","ping_status":"open","sticky":false,"template":"","format":"standard","meta":{"tdm_status":"","tdm_grid_status":"","_joinchat":[],"footnotes":""},"categories":[63],"tags":[],"class_list":{"0":"post-47177","1":"post","2":"type-post","3":"status-publish","4":"format-standard","5":"has-post-thumbnail","7":"category-policiales"},"amp_enabled":true,"_links":{"self":[{"href":"https:\/\/www.todoeldia.com\/index.php\/wp-json\/wp\/v2\/posts\/47177","targetHints":{"allow":["GET"]}}],"collection":[{"href":"https:\/\/www.todoeldia.com\/index.php\/wp-json\/wp\/v2\/posts"}],"about":[{"href":"https:\/\/www.todoeldia.com\/index.php\/wp-json\/wp\/v2\/types\/post"}],"author":[{"embeddable":true,"href":"https:\/\/www.todoeldia.com\/index.php\/wp-json\/wp\/v2\/users\/2"}],"replies":[{"embeddable":true,"href":"https:\/\/www.todoeldia.com\/index.php\/wp-json\/wp\/v2\/comments?post=47177"}],"version-history":[{"count":1,"href":"https:\/\/www.todoeldia.com\/index.php\/wp-json\/wp\/v2\/posts\/47177\/revisions"}],"predecessor-version":[{"id":47181,"href":"https:\/\/www.todoeldia.com\/index.php\/wp-json\/wp\/v2\/posts\/47177\/revisions\/47181"}],"wp:featuredmedia":[{"embeddable":true,"href":"https:\/\/www.todoeldia.com\/index.php\/wp-json\/wp\/v2\/media\/47179"}],"wp:attachment":[{"href":"https:\/\/www.todoeldia.com\/index.php\/wp-json\/wp\/v2\/media?parent=47177"}],"wp:term":[{"taxonomy":"category","embeddable":true,"href":"https:\/\/www.todoeldia.com\/index.php\/wp-json\/wp\/v2\/categories?post=47177"},{"taxonomy":"post_tag","embeddable":true,"href":"https:\/\/www.todoeldia.com\/index.php\/wp-json\/wp\/v2\/tags?post=47177"}],"curies":[{"name":"wp","href":"https:\/\/api.w.org\/{rel}","templated":true}]}}