{"id":47189,"date":"2022-10-24T10:25:45","date_gmt":"2022-10-24T13:25:45","guid":{"rendered":"https:\/\/www.todoeldia.com\/?p=47189"},"modified":"2022-10-24T10:25:48","modified_gmt":"2022-10-24T13:25:48","slug":"10-anos-de-prision-para-un-degenerado-que-abusaba-de-su-sobrina-desde-los-9","status":"publish","type":"post","link":"https:\/\/www.todoeldia.com\/index.php\/2022\/10\/24\/10-anos-de-prision-para-un-degenerado-que-abusaba-de-su-sobrina-desde-los-9\/","title":{"rendered":"10 a\u00f1os de prisi\u00f3n para un degenerado que abusaba de su sobrina desde los 9"},"content":{"rendered":"\n<p>La adolescente, hu\u00e9rfana, conviv\u00eda con su t\u00edo el violador. Los directivos de la escuela a la que concurr\u00eda la menor de edad alertaron sobre la situaci\u00f3n. Intervino la fiscal Penal 3 de UDIS, Cecilia Flores Toranzos.<\/p>\n\n\n\n<p>Un hombre fue condenado a diez a\u00f1os de prisi\u00f3n de cumplimiento efectivo por el delito de abuso sexual con acceso carnal agravado por el v\u00ednculo.<\/p>\n\n\n\n<p>La fiscal Penal 3 de la Unidad de Delitos contra la Integridad Sexual (UDIS), Cecilia Flores Toranzos, llev\u00f3 adelante la investigaci\u00f3n de una denuncia que daba cuenta de que una adolescente 13 a\u00f1os, hu\u00e9rfana, era abusada desde los 9 a\u00f1os por un t\u00edo.<\/p>\n\n\n\n<p>El hecho fue dado a conocer por los directivos de la escuela a la que asist\u00eda la menor de edad a una t\u00eda, que fue quien radic\u00f3 la denuncia.<\/p>\n\n\n\n<p>Tras reunir las pruebas necesarias, Flores Toranzos imput\u00f3 al hombre por delito de abuso sexual con acceso carnal agravado por el v\u00ednculo y luego requiri\u00f3 que sea juzgado.<\/p>\n","protected":false},"excerpt":{"rendered":"<p>La adolescente, hu\u00e9rfana, conviv\u00eda con su t\u00edo el violador. Los directivos de la escuela a la que concurr\u00eda la menor de edad alertaron sobre la situaci\u00f3n. Intervino la fiscal Penal 3 de UDIS, Cecilia Flores Toranzos. Un hombre fue condenado a diez a\u00f1os de prisi\u00f3n de cumplimiento efectivo por el delito de abuso sexual con [&hellip;]<\/p>\n","protected":false},"author":2,"featured_media":42291,"comment_status":"open","ping_status":"open","sticky":false,"template":"","format":"standard","meta":{"tdm_status":"","tdm_grid_status":"","_joinchat":[],"footnotes":""},"categories":[63],"tags":[],"class_list":{"0":"post-47189","1":"post","2":"type-post","3":"status-publish","4":"format-standard","5":"has-post-thumbnail","7":"category-policiales"},"amp_enabled":true,"_links":{"self":[{"href":"https:\/\/www.todoeldia.com\/index.php\/wp-json\/wp\/v2\/posts\/47189","targetHints":{"allow":["GET"]}}],"collection":[{"href":"https:\/\/www.todoeldia.com\/index.php\/wp-json\/wp\/v2\/posts"}],"about":[{"href":"https:\/\/www.todoeldia.com\/index.php\/wp-json\/wp\/v2\/types\/post"}],"author":[{"embeddable":true,"href":"https:\/\/www.todoeldia.com\/index.php\/wp-json\/wp\/v2\/users\/2"}],"replies":[{"embeddable":true,"href":"https:\/\/www.todoeldia.com\/index.php\/wp-json\/wp\/v2\/comments?post=47189"}],"version-history":[{"count":1,"href":"https:\/\/www.todoeldia.com\/index.php\/wp-json\/wp\/v2\/posts\/47189\/revisions"}],"predecessor-version":[{"id":47190,"href":"https:\/\/www.todoeldia.com\/index.php\/wp-json\/wp\/v2\/posts\/47189\/revisions\/47190"}],"wp:featuredmedia":[{"embeddable":true,"href":"https:\/\/www.todoeldia.com\/index.php\/wp-json\/wp\/v2\/media\/42291"}],"wp:attachment":[{"href":"https:\/\/www.todoeldia.com\/index.php\/wp-json\/wp\/v2\/media?parent=47189"}],"wp:term":[{"taxonomy":"category","embeddable":true,"href":"https:\/\/www.todoeldia.com\/index.php\/wp-json\/wp\/v2\/categories?post=47189"},{"taxonomy":"post_tag","embeddable":true,"href":"https:\/\/www.todoeldia.com\/index.php\/wp-json\/wp\/v2\/tags?post=47189"}],"curies":[{"name":"wp","href":"https:\/\/api.w.org\/{rel}","templated":true}]}}